{"id":10444,"date":"2025-03-06T18:43:01","date_gmt":"2025-03-06T22:43:01","guid":{"rendered":"https:\/\/stbnoticias.com\/?p=10444"},"modified":"2025-03-06T18:43:02","modified_gmt":"2025-03-06T22:43:02","slug":"habla-jade-la-exreina-boliviana-que-cayo-con-un-narco-en-argentina-fui-victima-de-una-relacion-toxica","status":"publish","type":"post","link":"https:\/\/stbnoticias.com\/index.php\/2025\/03\/06\/habla-jade-la-exreina-boliviana-que-cayo-con-un-narco-en-argentina-fui-victima-de-una-relacion-toxica\/","title":{"rendered":"HABLA JADE, LA EXREINA BOLIVIANA QUE CAY\u00d3 CON UN NARCO EN ARGENTINA: &#8216;FUI VICTIMA DE UNA RELACI\u00d3N T\u00d3XICA&#8217;"},"content":{"rendered":"\n<p>El 27 de enero, en Argentina, tras el aterrizaje de emergencia de una avioneta, fueron detenidos el piloto brasile\u00f1o Carlos Costas D\u00edas y la boliviana Jade Isabela Calla\u00fan, en una avioneta que llevaba m\u00e1s de 300 kilos de coca\u00edna de m\u00e1xima pureza. Ambos est\u00e1n detenidos. La joven nacida en San Borja, municipio de Beni y que hace unos a\u00f1os fue elegida como reina <a><\/a>de la regi\u00f3n, cont\u00f3 a su madre, Patricia Barriga, que fue v\u00edctima de una relaci\u00f3n t\u00f3xica, que el hombre la amenaz\u00f3 de muerte para que la acompa\u00f1e.<\/p>\n\n\n\n<figure class=\"wp-block-image size-full\"><img loading=\"lazy\" decoding=\"async\" width=\"912\" height=\"502\" src=\"https:\/\/stbnoticias.com\/wp-content\/uploads\/2025\/03\/image-1.png\" alt=\"\" class=\"wp-image-10445\" srcset=\"https:\/\/stbnoticias.com\/wp-content\/uploads\/2025\/03\/image-1.png 912w, https:\/\/stbnoticias.com\/wp-content\/uploads\/2025\/03\/image-1-300x165.png 300w, https:\/\/stbnoticias.com\/wp-content\/uploads\/2025\/03\/image-1-768x423.png 768w\" sizes=\"auto, (max-width: 912px) 100vw, 912px\" \/><\/figure>\n\n\n\n<p>Jade Isabela Calla\u00fa, exreina de belleza boliviana, lleva un mes detenida en la c\u00e1rcel de Ezeiza, en Buenos Aires, tras ser capturada en un avi\u00f3n que transportaba 359 kilos de coca\u00edna. La joven de 21 a\u00f1os asegura que fue amenazada de muerte por su pareja, el piloto brasile\u00f1o Carlos Costas D\u00edas, de 53 a\u00f1os, y obligada a acompa\u00f1arlo en el vuelo.<\/p>\n\n\n\n<p>\u201cEs un psic\u00f3pata, violento y narcotraficante. Le dijimos que se alejara, pero ella siempre volv\u00eda con \u00e9l\u201d, se\u00f1al\u00f3 Patricia, en una entrevista con Clar\u00f3n . Tambi\u00e9n revel\u00f3 que su hija intent\u00f3 terminar la relaci\u00f3n en diciembre, pero Costas D\u00edas reaccion\u00f3 con violencia, golpe\u00e1ndola a ella y a su madre. Aunque hicieron una denuncia y se impuso una orden de restricci\u00f3n, el hombre \u00absigui\u00f3 hostig\u00e1ndola\u00bb.<\/p>\n\n\n\n<p>El caso se dio a conocer a fines de enero, cuando el due\u00f1o de un campo privado en el municipio de Ibicuy encontr\u00f3 el Cessna 210 abandonado y alert\u00f3 a la Polic\u00eda. Tras un operativo, los agentes hallaron los paquetes de droga y capturaron a Costas D\u00edas y a Calla\u00fa, quien ahora enfrenta cargos por tr\u00e1fico de estupefacientes. Y como efecto de esa situaci\u00f3n, la madre de jade Isabel cuenta que fue hasta Ezeica.<\/p>\n\n\n\n<p>\u201cLlegu\u00e9 a Buenos Aires con muchos nervios, temores y dudas y vuelvo a Bolivia con el dolor de ver a mi hija detenida, aunque tranquila porque la vi bien y s\u00e9 que es inocente. Antes de hablar con ella dudaba de su palabra, pero hoy pongo las manos al fuego, no tengo la m\u00e1s m\u00ednima duda de que Chabe no tiene nada que ver\u201d, expresa Patricia<\/p>\n\n\n\n<p>Desde la prisi\u00f3n, la joven boliviana le confes\u00f3 a su madre que estaba atrapada en una relaci\u00f3n abusiva. \u201cMami, por favor, perd\u00f3name. Ten\u00edas raz\u00f3n, pero no pude escapar. \u00c9l me amenaz\u00f3 de muerte y me oblig\u00f3 a acompa\u00f1arlo\u201d, le dijo entre l\u00e1grimas durante su encuentro en Ezeiza, seg\u00fan El Clar\u00edn. Calla\u00fa hab\u00eda sido Miss Belleza de San Borja, su ciudad natal.<\/p>\n","protected":false},"excerpt":{"rendered":"<p>El 27 de enero, en Argentina, tras el aterrizaje de emergencia de una avioneta, fueron detenidos el piloto brasile\u00f1o Carlos Costas D\u00edas y la boliviana Jade Isabela Calla\u00fan, en una avioneta que llevaba m\u00e1s de 300 kilos de coca\u00edna de m\u00e1xima pureza. Ambos est\u00e1n detenidos. La joven nacida en San Borja, municipio de Beni y [&hellip;]<\/p>\n","protected":false},"author":1,"featured_media":10445,"comment_status":"closed","ping_status":"closed","sticky":false,"template":"","format":"standard","meta":{"fifu_image_url":"","fifu_image_alt":"","footnotes":""},"categories":[22,45],"tags":[],"class_list":["post-10444","post","type-post","status-publish","format-standard","has-post-thumbnail","hentry","category-bolivia","category-sociedad"],"_links":{"self":[{"href":"https:\/\/stbnoticias.com\/index.php\/wp-json\/wp\/v2\/posts\/10444","targetHints":{"allow":["GET"]}}],"collection":[{"href":"https:\/\/stbnoticias.com\/index.php\/wp-json\/wp\/v2\/posts"}],"about":[{"href":"https:\/\/stbnoticias.com\/index.php\/wp-json\/wp\/v2\/types\/post"}],"author":[{"embeddable":true,"href":"https:\/\/stbnoticias.com\/index.php\/wp-json\/wp\/v2\/users\/1"}],"replies":[{"embeddable":true,"href":"https:\/\/stbnoticias.com\/index.php\/wp-json\/wp\/v2\/comments?post=10444"}],"version-history":[{"count":1,"href":"https:\/\/stbnoticias.com\/index.php\/wp-json\/wp\/v2\/posts\/10444\/revisions"}],"predecessor-version":[{"id":10446,"href":"https:\/\/stbnoticias.com\/index.php\/wp-json\/wp\/v2\/posts\/10444\/revisions\/10446"}],"wp:featuredmedia":[{"embeddable":true,"href":"https:\/\/stbnoticias.com\/index.php\/wp-json\/wp\/v2\/media\/10445"}],"wp:attachment":[{"href":"https:\/\/stbnoticias.com\/index.php\/wp-json\/wp\/v2\/media?parent=10444"}],"wp:term":[{"taxonomy":"category","embeddable":true,"href":"https:\/\/stbnoticias.com\/index.php\/wp-json\/wp\/v2\/categories?post=10444"},{"taxonomy":"post_tag","embeddable":true,"href":"https:\/\/stbnoticias.com\/index.php\/wp-json\/wp\/v2\/tags?post=10444"}],"curies":[{"name":"wp","href":"https:\/\/api.w.org\/{rel}","templated":true}]}}