{"id":10459,"date":"2025-03-06T18:57:49","date_gmt":"2025-03-06T22:57:49","guid":{"rendered":"https:\/\/stbnoticias.com\/?p=10459"},"modified":"2025-03-06T18:57:49","modified_gmt":"2025-03-06T22:57:49","slug":"en-una-semana-solo-el-02-de-la-militancia-masista-ha-renunciado-a-la-sigla","status":"publish","type":"post","link":"https:\/\/stbnoticias.com\/index.php\/2025\/03\/06\/en-una-semana-solo-el-02-de-la-militancia-masista-ha-renunciado-a-la-sigla\/","title":{"rendered":"EN UNA SEMANA, SOLO EL 0,2 % DE LA MILITANCIA MASISTA HA RENUNCIADO A LA SIGLA"},"content":{"rendered":"\n<p>El vocal Tribunal Supremo Electoral (TSE), Tahuichi Tahuichi inform\u00f3 que a una semana, solo el 0,2% de militantes se desvincularon del partido del MAS-IPSP y la sigla pol\u00edtica contin\u00faa intacta.<\/p>\n\n\n<div class=\"wp-block-image\">\n<figure class=\"aligncenter size-full\"><img loading=\"lazy\" decoding=\"async\" width=\"593\" height=\"395\" src=\"https:\/\/stbnoticias.com\/wp-content\/uploads\/2025\/03\/image-8.png\" alt=\"\" class=\"wp-image-10460\" srcset=\"https:\/\/stbnoticias.com\/wp-content\/uploads\/2025\/03\/image-8.png 593w, https:\/\/stbnoticias.com\/wp-content\/uploads\/2025\/03\/image-8-300x200.png 300w\" sizes=\"auto, (max-width: 593px) 100vw, 593px\" \/><\/figure>\n<\/div>\n\n\n<p>El vocal mencion\u00f3 que el pasado lunes, 24 de febrero, el MAS ten\u00eda 1.082.645 militantes y en casi una semana, renunciaron 2.334 personas; por lo tanto, queda con 1.080.311 militantes.<\/p>\n\n\n\n<p>\u201cEn <a><\/a>ese sentido, ha habido una merma, una reducci\u00f3n de su militancia en el orden del 0.2 por ciento. Ac\u00e1 queda casi intacto la militancia del partido pol\u00edtico MAS-IPSP\u201d, dijo el vocal a <a href=\"https:\/\/l.facebook.com\/l.php?u=http%3A%2F%2FUrgente.bo%2F%3Ffbclid%3DIwZXh0bgNhZW0CMTAAAR0RdE6lsVtLhg-ZFHYARURh2BGroUV5yYy9Rg5Bw9N1hfbgr99Lym8wyag_aem_6-MajB-v500Sq91LZvjmRA&amp;h=AT28aaTnq2TOk-ci2MI7Fc_V7WdM5JtM0W-aLyuEP_BuLz6IvL4UH9Tiny9pJKAVKdd04l_V9QNuBKTR3AvxjjkHpK_3aUEyss1hyf-wFZeNY_HHlJOAv6JGpdnhh0CbqMMoZQTsf36W49LgQs0V&amp;__tn__=-UK-R&amp;c[0]=AT2H-1MEotm_27_t8idVDbS3SrYy_ieNaG7_WlNwdXWzuJ7D51der0Fftk54wyhfjSVhCPY8FIJ1HyJepN1UH9vqlYOWt8iCAvmfv9opA75ES8vr5-NV2JLnmqzUlMA8Ty8qHiXwkFZjO7McItPc_2Ja6MFbRha3nDQLY1KvHwK5mH7Yk36-slHUZd1PyVHdw4FDI1aG8UG1gtkaEa3xnlxGAYXixdTBJmOxMKVGgJmm5UhJSyyZ8M1YCw\" rel=\"noreferrer noopener\" target=\"_blank\">Urgente.bo.<\/a><\/p>\n\n\n\n<p>La decisi\u00f3n de renunciar a la militancia del MAS surge luego de que el l\u00edder cocalero haya firmado un acuerdo con FPV, a fin de participar en las elecciones presidenciales de agosto.<\/p>\n\n\n<div class=\"wp-block-image\">\n<figure class=\"aligncenter size-full\"><img loading=\"lazy\" decoding=\"async\" width=\"568\" height=\"246\" src=\"https:\/\/stbnoticias.com\/wp-content\/uploads\/2025\/03\/image-9.png\" alt=\"\" class=\"wp-image-10461\" srcset=\"https:\/\/stbnoticias.com\/wp-content\/uploads\/2025\/03\/image-9.png 568w, https:\/\/stbnoticias.com\/wp-content\/uploads\/2025\/03\/image-9-300x130.png 300w\" sizes=\"auto, (max-width: 568px) 100vw, 568px\" \/><\/figure>\n<\/div>\n\n\n<p>Morales aclar\u00f3 el fin de semana que la gente que se ha desvinculado del MAS no debe inscribirse a\u00fan en FPV, ya que se podr\u00eda fundar otro instrumento pol\u00edtico.<\/p>\n","protected":false},"excerpt":{"rendered":"<p>El vocal Tribunal Supremo Electoral (TSE), Tahuichi Tahuichi inform\u00f3 que a una semana, solo el 0,2% de militantes se desvincularon del partido del MAS-IPSP y la sigla pol\u00edtica contin\u00faa intacta. El vocal mencion\u00f3 que el pasado lunes, 24 de febrero, el MAS ten\u00eda 1.082.645 militantes y en casi una semana, renunciaron 2.334 personas; por lo [&hellip;]<\/p>\n","protected":false},"author":1,"featured_media":10460,"comment_status":"closed","ping_status":"closed","sticky":false,"template":"","format":"standard","meta":{"fifu_image_url":"","fifu_image_alt":"","footnotes":""},"categories":[22,30],"tags":[],"class_list":["post-10459","post","type-post","status-publish","format-standard","has-post-thumbnail","hentry","category-bolivia","category-politica"],"_links":{"self":[{"href":"https:\/\/stbnoticias.com\/index.php\/wp-json\/wp\/v2\/posts\/10459","targetHints":{"allow":["GET"]}}],"collection":[{"href":"https:\/\/stbnoticias.com\/index.php\/wp-json\/wp\/v2\/posts"}],"about":[{"href":"https:\/\/stbnoticias.com\/index.php\/wp-json\/wp\/v2\/types\/post"}],"author":[{"embeddable":true,"href":"https:\/\/stbnoticias.com\/index.php\/wp-json\/wp\/v2\/users\/1"}],"replies":[{"embeddable":true,"href":"https:\/\/stbnoticias.com\/index.php\/wp-json\/wp\/v2\/comments?post=10459"}],"version-history":[{"count":1,"href":"https:\/\/stbnoticias.com\/index.php\/wp-json\/wp\/v2\/posts\/10459\/revisions"}],"predecessor-version":[{"id":10462,"href":"https:\/\/stbnoticias.com\/index.php\/wp-json\/wp\/v2\/posts\/10459\/revisions\/10462"}],"wp:featuredmedia":[{"embeddable":true,"href":"https:\/\/stbnoticias.com\/index.php\/wp-json\/wp\/v2\/media\/10460"}],"wp:attachment":[{"href":"https:\/\/stbnoticias.com\/index.php\/wp-json\/wp\/v2\/media?parent=10459"}],"wp:term":[{"taxonomy":"category","embeddable":true,"href":"https:\/\/stbnoticias.com\/index.php\/wp-json\/wp\/v2\/categories?post=10459"},{"taxonomy":"post_tag","embeddable":true,"href":"https:\/\/stbnoticias.com\/index.php\/wp-json\/wp\/v2\/tags?post=10459"}],"curies":[{"name":"wp","href":"https:\/\/api.w.org\/{rel}","templated":true}]}}