{"id":10467,"date":"2025-03-06T19:03:08","date_gmt":"2025-03-06T23:03:08","guid":{"rendered":"https:\/\/stbnoticias.com\/?p=10467"},"modified":"2025-03-06T19:03:08","modified_gmt":"2025-03-06T23:03:08","slug":"hombre-disparo-contra-personas-que-lo-mojaron-en-carnaval","status":"publish","type":"post","link":"https:\/\/stbnoticias.com\/index.php\/2025\/03\/06\/hombre-disparo-contra-personas-que-lo-mojaron-en-carnaval\/","title":{"rendered":"HOMBRE DISPAR\u00d3 CONTRA PERSONAS QUE LO MOJARON EN CARNAVAL"},"content":{"rendered":"\n<p>El pasado 2 marzo aproximadamente a las 20:30 horas, en inmediaciones de la calle Chuquisaca y calle Cochabamba de la localidad de Bermejo, un sujeto arremeti\u00f3 con un arma de fuego en contra de personas que le echaron agua en medio de las festividades de Carnaval.<\/p>\n\n\n\n<figure class=\"wp-block-image size-full\"><img loading=\"lazy\" decoding=\"async\" width=\"905\" height=\"600\" src=\"https:\/\/stbnoticias.com\/wp-content\/uploads\/2025\/03\/image-13.png\" alt=\"\" class=\"wp-image-10469\" srcset=\"https:\/\/stbnoticias.com\/wp-content\/uploads\/2025\/03\/image-13.png 905w, https:\/\/stbnoticias.com\/wp-content\/uploads\/2025\/03\/image-13-300x199.png 300w, https:\/\/stbnoticias.com\/wp-content\/uploads\/2025\/03\/image-13-768x509.png 768w\" sizes=\"auto, (max-width: 905px) 100vw, 905px\" \/><\/figure>\n\n\n\n<p>El hombre, de nombre Brayan H. y de 31 a\u00f1os de edad, sac\u00f3 su pistola de 9 mil\u00edmetros e hizo uso de la misma en contra de las personas que lo <a><\/a>mojaron. Afortunadamente no se registraron heridos.<\/p>\n\n\n\n<p>El sujeto fue aprehendido minutos despu\u00e9s del hecho, se encontraba dentro de su veh\u00edculo con el arma.<\/p>\n\n\n\n<p>Personal policial verific\u00f3 que el sujeto ten\u00eda m\u00faltiples antecedentes penales y procedi\u00f3 al secuestro del arma de fuego y del veh\u00edculo del sindicado.<\/p>\n\n\n\n<p>Luego de su audiencia cautelar, el agresor fue remitido a la c\u00e1rcel por uso, tenencia y portaci\u00f3n de arma de fuego.<\/p>\n","protected":false},"excerpt":{"rendered":"<p>El pasado 2 marzo aproximadamente a las 20:30 horas, en inmediaciones de la calle Chuquisaca y calle Cochabamba de la localidad de Bermejo, un sujeto arremeti\u00f3 con un arma de fuego en contra de personas que le echaron agua en medio de las festividades de Carnaval. El hombre, de nombre Brayan H. y de 31 [&hellip;]<\/p>\n","protected":false},"author":1,"featured_media":10468,"comment_status":"closed","ping_status":"closed","sticky":false,"template":"","format":"standard","meta":{"fifu_image_url":"","fifu_image_alt":"","footnotes":""},"categories":[22],"tags":[],"class_list":["post-10467","post","type-post","status-publish","format-standard","has-post-thumbnail","hentry","category-bolivia"],"_links":{"self":[{"href":"https:\/\/stbnoticias.com\/index.php\/wp-json\/wp\/v2\/posts\/10467","targetHints":{"allow":["GET"]}}],"collection":[{"href":"https:\/\/stbnoticias.com\/index.php\/wp-json\/wp\/v2\/posts"}],"about":[{"href":"https:\/\/stbnoticias.com\/index.php\/wp-json\/wp\/v2\/types\/post"}],"author":[{"embeddable":true,"href":"https:\/\/stbnoticias.com\/index.php\/wp-json\/wp\/v2\/users\/1"}],"replies":[{"embeddable":true,"href":"https:\/\/stbnoticias.com\/index.php\/wp-json\/wp\/v2\/comments?post=10467"}],"version-history":[{"count":1,"href":"https:\/\/stbnoticias.com\/index.php\/wp-json\/wp\/v2\/posts\/10467\/revisions"}],"predecessor-version":[{"id":10470,"href":"https:\/\/stbnoticias.com\/index.php\/wp-json\/wp\/v2\/posts\/10467\/revisions\/10470"}],"wp:featuredmedia":[{"embeddable":true,"href":"https:\/\/stbnoticias.com\/index.php\/wp-json\/wp\/v2\/media\/10468"}],"wp:attachment":[{"href":"https:\/\/stbnoticias.com\/index.php\/wp-json\/wp\/v2\/media?parent=10467"}],"wp:term":[{"taxonomy":"category","embeddable":true,"href":"https:\/\/stbnoticias.com\/index.php\/wp-json\/wp\/v2\/categories?post=10467"},{"taxonomy":"post_tag","embeddable":true,"href":"https:\/\/stbnoticias.com\/index.php\/wp-json\/wp\/v2\/tags?post=10467"}],"curies":[{"name":"wp","href":"https:\/\/api.w.org\/{rel}","templated":true}]}}