{"id":10492,"date":"2025-03-07T10:16:19","date_gmt":"2025-03-07T14:16:19","guid":{"rendered":"https:\/\/stbnoticias.com\/?p=10492"},"modified":"2025-03-07T10:16:20","modified_gmt":"2025-03-07T14:16:20","slug":"nace-ternero-con-dos-cabezas","status":"publish","type":"post","link":"https:\/\/stbnoticias.com\/index.php\/2025\/03\/07\/nace-ternero-con-dos-cabezas\/","title":{"rendered":"Nace ternero con dos cabezas"},"content":{"rendered":"\n<p><strong>Nace ternero con dos cabezas en el Distrito de Uranmarca, Apur\u00edmac. Los expertos se\u00f1alan que, debido a estas malformaciones, la posibilidad de que el ternero sobreviva es m\u00ednima.<\/strong><\/p>\n\n\n<div class=\"wp-block-image\">\n<figure class=\"aligncenter size-full\"><img loading=\"lazy\" decoding=\"async\" width=\"737\" height=\"435\" src=\"https:\/\/stbnoticias.com\/wp-content\/uploads\/2025\/03\/image-17.png\" alt=\"\" class=\"wp-image-10493\" srcset=\"https:\/\/stbnoticias.com\/wp-content\/uploads\/2025\/03\/image-17.png 737w, https:\/\/stbnoticias.com\/wp-content\/uploads\/2025\/03\/image-17-300x177.png 300w\" sizes=\"auto, (max-width: 737px) 100vw, 737px\" \/><\/figure>\n<\/div>\n\n\n<p>Un ganadero de Uranmarca, relat\u00f3 que nunca antes hab\u00eda presenciado algo similar. El nacimiento de este ternero con dos cabezas ha generado un gran revuelo en la provincia de Chincheros regi\u00f3n Apur\u00edmac. La vaca que dio a luz a esta cr\u00eda polic\u00e9fala ha tenido varios partos y siempre ha logrado criar a todos sus terneros, sin ninguna p\u00e9rdida, seg\u00fan relata su due\u00f1a.<\/p>\n\n\n\n<p>Se\u00f1ala que la vaca pari\u00f3 sin necesidad de ayuda y que al percatarse de la cr\u00eda, grande fu\u00e9 su sorpresa y desesperaci\u00f3n por \u00e9ste hecho que lo atribuy\u00f3 de inmediato a un fen\u00f3meno sobrenatural y mal presagio para la humanidad.<\/p>\n\n\n\n<p>Se espera la intervenci\u00f3n de los miembros de SENASA y DIRESA para que puedan explicar cient\u00edficamente este caso muy extra\u00f1o en la zona.<\/p>\n","protected":false},"excerpt":{"rendered":"<p>Nace ternero con dos cabezas en el Distrito de Uranmarca, Apur\u00edmac. Los expertos se\u00f1alan que, debido a estas malformaciones, la posibilidad de que el ternero sobreviva es m\u00ednima. Un ganadero de Uranmarca, relat\u00f3 que nunca antes hab\u00eda presenciado algo similar. El nacimiento de este ternero con dos cabezas ha generado un gran revuelo en la [&hellip;]<\/p>\n","protected":false},"author":1,"featured_media":10493,"comment_status":"closed","ping_status":"closed","sticky":false,"template":"","format":"standard","meta":{"fifu_image_url":"","fifu_image_alt":"","footnotes":""},"categories":[24],"tags":[],"class_list":["post-10492","post","type-post","status-publish","format-standard","has-post-thumbnail","hentry","category-mundo"],"_links":{"self":[{"href":"https:\/\/stbnoticias.com\/index.php\/wp-json\/wp\/v2\/posts\/10492","targetHints":{"allow":["GET"]}}],"collection":[{"href":"https:\/\/stbnoticias.com\/index.php\/wp-json\/wp\/v2\/posts"}],"about":[{"href":"https:\/\/stbnoticias.com\/index.php\/wp-json\/wp\/v2\/types\/post"}],"author":[{"embeddable":true,"href":"https:\/\/stbnoticias.com\/index.php\/wp-json\/wp\/v2\/users\/1"}],"replies":[{"embeddable":true,"href":"https:\/\/stbnoticias.com\/index.php\/wp-json\/wp\/v2\/comments?post=10492"}],"version-history":[{"count":1,"href":"https:\/\/stbnoticias.com\/index.php\/wp-json\/wp\/v2\/posts\/10492\/revisions"}],"predecessor-version":[{"id":10494,"href":"https:\/\/stbnoticias.com\/index.php\/wp-json\/wp\/v2\/posts\/10492\/revisions\/10494"}],"wp:featuredmedia":[{"embeddable":true,"href":"https:\/\/stbnoticias.com\/index.php\/wp-json\/wp\/v2\/media\/10493"}],"wp:attachment":[{"href":"https:\/\/stbnoticias.com\/index.php\/wp-json\/wp\/v2\/media?parent=10492"}],"wp:term":[{"taxonomy":"category","embeddable":true,"href":"https:\/\/stbnoticias.com\/index.php\/wp-json\/wp\/v2\/categories?post=10492"},{"taxonomy":"post_tag","embeddable":true,"href":"https:\/\/stbnoticias.com\/index.php\/wp-json\/wp\/v2\/tags?post=10492"}],"curies":[{"name":"wp","href":"https:\/\/api.w.org\/{rel}","templated":true}]}}