{"id":10504,"date":"2025-02-23T18:30:50","date_gmt":"2025-02-23T22:30:50","guid":{"rendered":"https:\/\/stbnoticias.com\/?p=10504"},"modified":"2025-03-07T18:30:59","modified_gmt":"2025-03-07T22:30:59","slug":"vaticano-dice-que-el-papa-sigue-en-estado-critico-y-que-analisis-de-sangre-mostraron-falla-renal-leve","status":"publish","type":"post","link":"https:\/\/stbnoticias.com\/index.php\/2025\/02\/23\/vaticano-dice-que-el-papa-sigue-en-estado-critico-y-que-analisis-de-sangre-mostraron-falla-renal-leve\/","title":{"rendered":"Vaticano dice que el papa sigue en estado cr\u00edtico y que an\u00e1lisis de sangre mostraron falla renal leve"},"content":{"rendered":"\n<p>El reporte revela que algunos an\u00e1lisis de sangre \u00abmuestran una insuficiencia renal inicial, leve, que actualmente est\u00e1 bajo control\u00bb.<\/p>\n\n\n\n<figure class=\"wp-block-image size-full\"><img loading=\"lazy\" decoding=\"async\" width=\"992\" height=\"558\" src=\"https:\/\/stbnoticias.com\/wp-content\/uploads\/2025\/03\/image-20.png\" alt=\"\" class=\"wp-image-10505\" srcset=\"https:\/\/stbnoticias.com\/wp-content\/uploads\/2025\/03\/image-20.png 992w, https:\/\/stbnoticias.com\/wp-content\/uploads\/2025\/03\/image-20-300x169.png 300w, https:\/\/stbnoticias.com\/wp-content\/uploads\/2025\/03\/image-20-768x432.png 768w\" sizes=\"auto, (max-width: 992px) 100vw, 992px\" \/><\/figure>\n\n\n\n<p>El papa Francisco sigue en estado cr\u00edtico, seg\u00fan inform\u00f3 el Vaticano en un nuevo comunicado.<\/p>\n\n\n\n<p>En una actualizaci\u00f3n dada a conocer este domingo, la Santa Sede dijo que, sin embargo, el pont\u00edfice \u00abno ha vuelto a tener crisis respiratorias desde anoche\u00bb y que \u00absu trombocitopenia se ha mantenido estable\u00bb.<\/p>\n\n\n\n<p>Horas antes se hab\u00eda dado a conocer un mensaje del propio pont\u00edfice desde el hospital, en el que ped\u00eda que rezaran por \u00e9l.<\/p>\n\n\n\n<p>El mensaje papal se difundi\u00f3 luego de que la salud de Francisco empeorara el s\u00e1bado, tras sufrir \u00abuna crisis respiratoria asm\u00e1tica prolongada\u00bb que requiri\u00f3 \u00abaltos flujos de ox\u00edgeno\u00bb, inform\u00f3 la Santa Sede.<\/p>\n\n\n\n<p>\u00ab\u00a1Gracias por esta cercan\u00eda y por las oraciones de consuelo que he recibido de todo el mundo! Les encomiendo a todos a la intercesi\u00f3n de Mar\u00eda y les pido que recen por m\u00ed\u00bb, expres\u00f3 el pont\u00edfice.<\/p>\n\n\n\n<p>El Vaticano inform\u00f3 que, tras la crisis respiratoria, el Papa pas\u00f3 una noche \u00abtranquila\u00bb y descans\u00f3.<\/p>\n\n\n\n<p>El pont\u00edfice agradeci\u00f3 a los equipos m\u00e9dicos y destac\u00f3: \u00abEn los \u00faltimos d\u00edas he recibido muchos mensajes de afecto, y me han impresionado especialmente las cartas y dibujos de los ni\u00f1os\u00bb.<\/p>\n\n\n\n<p>En ese sentido, se\u00f1al\u00f3 que \u00abcontin\u00faa con confianza\u00bb su internaci\u00f3n en el sanatorio Gemelli de Roma, donde est\u00e1 internado desde la semana pasada por una neumon\u00eda bilateral compleja, y \u00absigue adelante con el tratamiento necesario\u00bb.<\/p>\n\n\n\n<p>Previamente, las autoridades vaticanas hab\u00edan confirmado que el pont\u00edfice no oficiar\u00eda el tradicional Angelus del domingo, ni participar\u00e1 en ninguna celebraci\u00f3n religiosa por el A\u00f1o Santo en curso.<\/p>\n","protected":false},"excerpt":{"rendered":"<p>El reporte revela que algunos an\u00e1lisis de sangre \u00abmuestran una insuficiencia renal inicial, leve, que actualmente est\u00e1 bajo control\u00bb. El papa Francisco sigue en estado cr\u00edtico, seg\u00fan inform\u00f3 el Vaticano en un nuevo comunicado. En una actualizaci\u00f3n dada a conocer este domingo, la Santa Sede dijo que, sin embargo, el pont\u00edfice \u00abno ha vuelto a [&hellip;]<\/p>\n","protected":false},"author":1,"featured_media":10505,"comment_status":"closed","ping_status":"closed","sticky":false,"template":"","format":"standard","meta":{"fifu_image_url":"","fifu_image_alt":"","footnotes":""},"categories":[78],"tags":[],"class_list":["post-10504","post","type-post","status-publish","format-standard","has-post-thumbnail","hentry","category-internacional"],"_links":{"self":[{"href":"https:\/\/stbnoticias.com\/index.php\/wp-json\/wp\/v2\/posts\/10504","targetHints":{"allow":["GET"]}}],"collection":[{"href":"https:\/\/stbnoticias.com\/index.php\/wp-json\/wp\/v2\/posts"}],"about":[{"href":"https:\/\/stbnoticias.com\/index.php\/wp-json\/wp\/v2\/types\/post"}],"author":[{"embeddable":true,"href":"https:\/\/stbnoticias.com\/index.php\/wp-json\/wp\/v2\/users\/1"}],"replies":[{"embeddable":true,"href":"https:\/\/stbnoticias.com\/index.php\/wp-json\/wp\/v2\/comments?post=10504"}],"version-history":[{"count":1,"href":"https:\/\/stbnoticias.com\/index.php\/wp-json\/wp\/v2\/posts\/10504\/revisions"}],"predecessor-version":[{"id":10506,"href":"https:\/\/stbnoticias.com\/index.php\/wp-json\/wp\/v2\/posts\/10504\/revisions\/10506"}],"wp:featuredmedia":[{"embeddable":true,"href":"https:\/\/stbnoticias.com\/index.php\/wp-json\/wp\/v2\/media\/10505"}],"wp:attachment":[{"href":"https:\/\/stbnoticias.com\/index.php\/wp-json\/wp\/v2\/media?parent=10504"}],"wp:term":[{"taxonomy":"category","embeddable":true,"href":"https:\/\/stbnoticias.com\/index.php\/wp-json\/wp\/v2\/categories?post=10504"},{"taxonomy":"post_tag","embeddable":true,"href":"https:\/\/stbnoticias.com\/index.php\/wp-json\/wp\/v2\/tags?post=10504"}],"curies":[{"name":"wp","href":"https:\/\/api.w.org\/{rel}","templated":true}]}}