{"id":10507,"date":"2025-02-20T18:32:16","date_gmt":"2025-02-20T22:32:16","guid":{"rendered":"https:\/\/stbnoticias.com\/?p=10507"},"modified":"2025-03-07T18:32:39","modified_gmt":"2025-03-07T22:32:39","slug":"trump-culpa-a-ucrania-de-la-guerra-y-califica-a-zelensky-de-dictador","status":"publish","type":"post","link":"https:\/\/stbnoticias.com\/index.php\/2025\/02\/20\/trump-culpa-a-ucrania-de-la-guerra-y-califica-a-zelensky-de-dictador\/","title":{"rendered":"Trump culpa a Ucrania de la guerra y califica a Zelensky de \u00abdictador\u00bb"},"content":{"rendered":"\n<p>Donald Trump arremeti\u00f3 contra Ucrania y su presidente, Volodymyr Zelensky, despu\u00e9s de que este dijera que fue una \u00absorpresa\u00bb que su pa\u00eds no fuera invitado a las conversaciones de paz en Arabia Saudita para poner fin a la guerra y asegurara que el mandatario estadounidense \u00abvive en un espacio de desinformaci\u00f3n\u00bb creado por Rusia.<\/p>\n\n\n\n<figure class=\"wp-block-image size-full\"><img loading=\"lazy\" decoding=\"async\" width=\"992\" height=\"558\" src=\"https:\/\/stbnoticias.com\/wp-content\/uploads\/2025\/03\/image-21.png\" alt=\"\" class=\"wp-image-10508\" srcset=\"https:\/\/stbnoticias.com\/wp-content\/uploads\/2025\/03\/image-21.png 992w, https:\/\/stbnoticias.com\/wp-content\/uploads\/2025\/03\/image-21-300x169.png 300w, https:\/\/stbnoticias.com\/wp-content\/uploads\/2025\/03\/image-21-768x432.png 768w\" sizes=\"auto, (max-width: 992px) 100vw, 992px\" \/><\/figure>\n\n\n\n<p>Trump dijo en una rueda de prensa este martes estar \u00abdecepcionado\u00bb por la reacci\u00f3n de Ucrania y pareci\u00f3 culpar a Kyiv de iniciar la guerra, al decir que este \u00abpudo haber llegado a un acuerdo\u00bb para evitarla.<\/p>\n\n\n\n<p>Zelensky, por su parte, ofreci\u00f3 una dura respuesta a Trump. El mandatario dijo en una conferencia de prensa que Ucrania est\u00e1 viendo \u00abmucha desinformaci\u00f3n\u00bb proveniente de Rusia y agreg\u00f3: \u00abCon todo respeto hacia el presidente Donald Trump como l\u00edder&#8230; \u00e9l est\u00e1 viviendo en este espacio de desinformaci\u00f3n\u00bb.<\/p>\n\n\n\n<p>El l\u00edder ucraniano cit\u00f3 una encuesta que, seg\u00fan \u00e9l, indica que el 58% del pueblo ucraniano le tiene confianza y agreg\u00f3 que su gobierno tiene \u00abevidencia\u00bb de que la desinformaci\u00f3n sobre su aprobaci\u00f3n interna est\u00e1 siendo difundida por Rusia y discutida con Estados Unidos.<\/p>\n\n\n\n<p>Zelensky tambi\u00e9n discrep\u00f3 con Trump en torno al apoyo que ha dado Estados Unidos a Ucrania durante la guerra.<\/p>\n","protected":false},"excerpt":{"rendered":"<p>Donald Trump arremeti\u00f3 contra Ucrania y su presidente, Volodymyr Zelensky, despu\u00e9s de que este dijera que fue una \u00absorpresa\u00bb que su pa\u00eds no fuera invitado a las conversaciones de paz en Arabia Saudita para poner fin a la guerra y asegurara que el mandatario estadounidense \u00abvive en un espacio de desinformaci\u00f3n\u00bb creado por Rusia. Trump [&hellip;]<\/p>\n","protected":false},"author":1,"featured_media":10508,"comment_status":"closed","ping_status":"closed","sticky":false,"template":"","format":"standard","meta":{"fifu_image_url":"","fifu_image_alt":"","footnotes":""},"categories":[24],"tags":[],"class_list":["post-10507","post","type-post","status-publish","format-standard","has-post-thumbnail","hentry","category-mundo"],"_links":{"self":[{"href":"https:\/\/stbnoticias.com\/index.php\/wp-json\/wp\/v2\/posts\/10507","targetHints":{"allow":["GET"]}}],"collection":[{"href":"https:\/\/stbnoticias.com\/index.php\/wp-json\/wp\/v2\/posts"}],"about":[{"href":"https:\/\/stbnoticias.com\/index.php\/wp-json\/wp\/v2\/types\/post"}],"author":[{"embeddable":true,"href":"https:\/\/stbnoticias.com\/index.php\/wp-json\/wp\/v2\/users\/1"}],"replies":[{"embeddable":true,"href":"https:\/\/stbnoticias.com\/index.php\/wp-json\/wp\/v2\/comments?post=10507"}],"version-history":[{"count":1,"href":"https:\/\/stbnoticias.com\/index.php\/wp-json\/wp\/v2\/posts\/10507\/revisions"}],"predecessor-version":[{"id":10509,"href":"https:\/\/stbnoticias.com\/index.php\/wp-json\/wp\/v2\/posts\/10507\/revisions\/10509"}],"wp:featuredmedia":[{"embeddable":true,"href":"https:\/\/stbnoticias.com\/index.php\/wp-json\/wp\/v2\/media\/10508"}],"wp:attachment":[{"href":"https:\/\/stbnoticias.com\/index.php\/wp-json\/wp\/v2\/media?parent=10507"}],"wp:term":[{"taxonomy":"category","embeddable":true,"href":"https:\/\/stbnoticias.com\/index.php\/wp-json\/wp\/v2\/categories?post=10507"},{"taxonomy":"post_tag","embeddable":true,"href":"https:\/\/stbnoticias.com\/index.php\/wp-json\/wp\/v2\/tags?post=10507"}],"curies":[{"name":"wp","href":"https:\/\/api.w.org\/{rel}","templated":true}]}}