{"id":10518,"date":"2025-03-08T10:38:32","date_gmt":"2025-03-08T14:38:32","guid":{"rendered":"https:\/\/stbnoticias.com\/?p=10518"},"modified":"2025-03-10T10:43:45","modified_gmt":"2025-03-10T14:43:45","slug":"anez-no-estoy-presa-por-inmoral-o-deshonesta-sino-por-el-odio-y-venganza","status":"publish","type":"post","link":"https:\/\/stbnoticias.com\/index.php\/2025\/03\/08\/anez-no-estoy-presa-por-inmoral-o-deshonesta-sino-por-el-odio-y-venganza\/","title":{"rendered":"A\u00d1EZ: No estoy presa por inmoral o deshonesta, sino por el odio y venganza"},"content":{"rendered":"\n<p><strong>La expresidenta Jeanine A\u00f1ez afirm\u00f3 que su detenci\u00f3n no responde a actos deshonestos o inmorales, sino a una persecuci\u00f3n motivada por el \u00abodio y la venganza pol\u00edtica\u00bb de sus detractores.<\/strong><\/p>\n\n\n\n<figure class=\"wp-block-image size-full\"><img loading=\"lazy\" decoding=\"async\" width=\"783\" height=\"501\" src=\"https:\/\/stbnoticias.com\/wp-content\/uploads\/2025\/03\/image-25.png\" alt=\"\" class=\"wp-image-10519\" srcset=\"https:\/\/stbnoticias.com\/wp-content\/uploads\/2025\/03\/image-25.png 783w, https:\/\/stbnoticias.com\/wp-content\/uploads\/2025\/03\/image-25-300x192.png 300w, https:\/\/stbnoticias.com\/wp-content\/uploads\/2025\/03\/image-25-768x491.png 768w\" sizes=\"auto, (max-width: 783px) 100vw, 783px\" \/><\/figure>\n\n\n\n<p>Asegur\u00f3 que, mientras ella permanece encarcelada, existen \u00abcorruptos, inmorales y sinverg\u00fcenzas que caminan libres como si el mundo premiara la mentira y la delincuencia\u00bb.<\/p>\n\n\n\n<p>A\u00f1ez hizo estas declaraciones en un art\u00edculo titulado El desaf\u00edo de ser mujer en una pol\u00edtica machista, publicado en el portal Ideas Textuales, donde reflexion\u00f3 sobre su experiencia en la pol\u00edtica y las dificultades que, seg\u00fan dijo, enfrent\u00f3 por su condici\u00f3n de mujer. En el texto, record\u00f3 su papel en la sucesi\u00f3n constitucional de 2019 y asegur\u00f3 que asumi\u00f3 el cargo presidencial en un contexto de crisis, respondiendo a \u00abun llamado de los defensores de la democracia\u00bb.<\/p>\n\n\n\n<p>Asimismo, sostuvo que nunca intent\u00f3 escapar de la justicia y que, pese a las acusaciones en su contra, decidi\u00f3 quedarse en el pa\u00eds. \u201cPude haberme ido, pero no lo hice.<\/p>\n\n\n\n<p>Sab\u00eda que me buscaban y me entregu\u00e9, porque no tengo nada que ocultar\u201d, afirm\u00f3. En ese sentido, critic\u00f3 que su detenci\u00f3n haya sido utilizada para instalar una narrativa de criminalizaci\u00f3n en su contra.<\/p>\n\n\n\n<p>Sobre su candidatura en 2020, explic\u00f3 que su decisi\u00f3n de postularse fue uno de los factores que m\u00e1s se le cuestion\u00f3, a pesar de que renunci\u00f3 a la contienda electoral.<\/p>\n\n\n\n<p>\u201cYo hab\u00eda dicho que no ser\u00eda candidata y esa era mi intenci\u00f3n, pero ese hecho me lo cobraron como si hubiera cometido un pecado capital\u201d, sostuvo, y agreg\u00f3 que mientras a los hombres se les justifica cambiar de opini\u00f3n, a ella se la castig\u00f3 por hacerlo.<\/p>\n\n\n\n<p>En su publicaci\u00f3n, la exmandataria sostuvo que la justicia en Bolivia act\u00faa con sesgo pol\u00edtico y que su encarcelamiento es una muestra de abuso de poder.<\/p>\n\n\n\n<p>Denunci\u00f3, adem\u00e1s, haber sido sometida a \u00abtortura psicol\u00f3gica\u00bb y acus\u00f3 al gobierno de fabricar procesos en su contra y en contra de su hija.<\/p>\n\n\n\n<p>\u00abInventaron juicios por enriquecimiento il\u00edcito inexistente y me trataron como una delincuente peligrosa\u00bb, se\u00f1al\u00f3.<\/p>\n\n\n\n<p>\u201cNo socap\u00e9 ning\u00fan hecho de corrupci\u00f3n que hubieran cometido los colaboradores de mi gobierno. Al contrario, ped\u00ed que se act\u00fae con todo el peso de la ley\u201d, remarc\u00f3.<\/p>\n\n\n\n<p>Finalmente, cuestion\u00f3 el machismo en la pol\u00edtica y afirm\u00f3 que las mujeres son juzgadas con mayor severidad que los hombres. \u201cCuando la cabeza es un hombre, cada quien responde por sus delitos.<\/p>\n\n\n\n<p>Pero cuando es una mujer, se la hace responsable de todo\u201d, expres\u00f3. Asegur\u00f3 que su encarcelamiento es parte de una estrategia para silenciarla y llam\u00f3 a las mujeres a no rendirse en la lucha por la igualdad y la justicia.<\/p>\n","protected":false},"excerpt":{"rendered":"<p>La expresidenta Jeanine A\u00f1ez afirm\u00f3 que su detenci\u00f3n no responde a actos deshonestos o inmorales, sino a una persecuci\u00f3n motivada por el \u00abodio y la venganza pol\u00edtica\u00bb de sus detractores. Asegur\u00f3 que, mientras ella permanece encarcelada, existen \u00abcorruptos, inmorales y sinverg\u00fcenzas que caminan libres como si el mundo premiara la mentira y la delincuencia\u00bb. A\u00f1ez [&hellip;]<\/p>\n","protected":false},"author":1,"featured_media":10519,"comment_status":"closed","ping_status":"closed","sticky":false,"template":"","format":"standard","meta":{"fifu_image_url":"","fifu_image_alt":"","footnotes":""},"categories":[22,41,35],"tags":[],"class_list":["post-10518","post","type-post","status-publish","format-standard","has-post-thumbnail","hentry","category-bolivia","category-justicia","category-la-paz"],"_links":{"self":[{"href":"https:\/\/stbnoticias.com\/index.php\/wp-json\/wp\/v2\/posts\/10518","targetHints":{"allow":["GET"]}}],"collection":[{"href":"https:\/\/stbnoticias.com\/index.php\/wp-json\/wp\/v2\/posts"}],"about":[{"href":"https:\/\/stbnoticias.com\/index.php\/wp-json\/wp\/v2\/types\/post"}],"author":[{"embeddable":true,"href":"https:\/\/stbnoticias.com\/index.php\/wp-json\/wp\/v2\/users\/1"}],"replies":[{"embeddable":true,"href":"https:\/\/stbnoticias.com\/index.php\/wp-json\/wp\/v2\/comments?post=10518"}],"version-history":[{"count":1,"href":"https:\/\/stbnoticias.com\/index.php\/wp-json\/wp\/v2\/posts\/10518\/revisions"}],"predecessor-version":[{"id":10520,"href":"https:\/\/stbnoticias.com\/index.php\/wp-json\/wp\/v2\/posts\/10518\/revisions\/10520"}],"wp:featuredmedia":[{"embeddable":true,"href":"https:\/\/stbnoticias.com\/index.php\/wp-json\/wp\/v2\/media\/10519"}],"wp:attachment":[{"href":"https:\/\/stbnoticias.com\/index.php\/wp-json\/wp\/v2\/media?parent=10518"}],"wp:term":[{"taxonomy":"category","embeddable":true,"href":"https:\/\/stbnoticias.com\/index.php\/wp-json\/wp\/v2\/categories?post=10518"},{"taxonomy":"post_tag","embeddable":true,"href":"https:\/\/stbnoticias.com\/index.php\/wp-json\/wp\/v2\/tags?post=10518"}],"curies":[{"name":"wp","href":"https:\/\/api.w.org\/{rel}","templated":true}]}}