{"id":10589,"date":"2025-03-21T18:33:06","date_gmt":"2025-03-21T22:33:06","guid":{"rendered":"https:\/\/stbnoticias.com\/?p=10589"},"modified":"2025-03-21T18:33:06","modified_gmt":"2025-03-21T22:33:06","slug":"evo-sobre-declaraciones-de-arce-arce-catacora-sabia-lo-que-pasaba-en-materia-de-hidrocarburos","status":"publish","type":"post","link":"https:\/\/stbnoticias.com\/index.php\/2025\/03\/21\/evo-sobre-declaraciones-de-arce-arce-catacora-sabia-lo-que-pasaba-en-materia-de-hidrocarburos\/","title":{"rendered":"Evo, sobre declaraciones de Arce: \u00abArce Catacora sab\u00eda lo que pasaba en materia de hidrocarburos\u00bb"},"content":{"rendered":"\n<p><strong>El exmandatario respondi\u00f3 a recientes declaraciones de Luis Arce, en las cuales deslind\u00f3 responsabilidad sobre el declive en la exportaci\u00f3n de gas, bajo el argumento de que era Ministro de Econom\u00eda, pero no de Hidrocarburos. \u00a0\u00a0\u00a0\u00a0\u00a0\u00a0\u00a0\u00a0<\/strong><\/p>\n\n\n\n<figure class=\"wp-block-image size-full\"><img loading=\"lazy\" decoding=\"async\" width=\"992\" height=\"558\" src=\"https:\/\/stbnoticias.com\/wp-content\/uploads\/2025\/03\/image-45.png\" alt=\"\" class=\"wp-image-10590\" srcset=\"https:\/\/stbnoticias.com\/wp-content\/uploads\/2025\/03\/image-45.png 992w, https:\/\/stbnoticias.com\/wp-content\/uploads\/2025\/03\/image-45-300x169.png 300w, https:\/\/stbnoticias.com\/wp-content\/uploads\/2025\/03\/image-45-768x432.png 768w\" sizes=\"auto, (max-width: 992px) 100vw, 992px\" \/><\/figure>\n\n\n\n<p>Evo Morales asegur\u00f3 este viernes que, durante su Gobierno, Luis Arce conoc\u00eda de la situaci\u00f3n de los hidrocarburos y no hizo observaciones al respecto, por lo que ahora no puede lavarse las manos al respecto.<\/p>\n\n\n\n<p>El exmandatario respondi\u00f3 a recientes declaraciones de Luis Arce, en las cuales deslind\u00f3 responsabilidad sobre el declive en la exportaci\u00f3n de gas, bajo el argumento de que era Ministro de Econom\u00eda, pero no de Hidrocarburos. &nbsp;&nbsp;&nbsp;&nbsp;&nbsp;&nbsp;&nbsp;&nbsp;<\/p>\n\n\n\n<p>Morales record\u00f3 que, en 2008, nombr\u00f3 a Marcelo Montenegro como miembro del directorio de YPFB, a proposici\u00f3n de Luis Arce, quien era Ministro de Econom\u00eda.<\/p>\n\n\n\n<p>Ahora Montenegro es el Ministro de Econom\u00eda de Arce, por lo cual Evo infiere que seguro le inform\u00f3 en detalle a su jefe lo que suced\u00eda en la estatal petrolera.<\/p>\n\n\n\n<p>\u201cPor consiguiente, Arce Catacora sab\u00eda lo que pasaba en materia de hidrocarburos y, hoy, no puede lavarse las manos indicado que no era ministro de Hidrocarburos\u201d, enfatiz\u00f3 Evo mediante redes sociales.<\/p>\n\n\n\n<p>Record\u00f3 que, adem\u00e1s, en junio de 2013, Arce Catacora &nbsp;asumi\u00f3 el cargo de Director Titular de YPFB Transporte.<\/p>\n\n\n\n<p>\u201cEstos documentos, son la prueba de que Luis Arce conoc\u00eda de la situaci\u00f3n en materia Hidrocarburos y nunca present\u00f3 observaciones al respecto\u201d, acot\u00f3 Morales.<\/p>\n","protected":false},"excerpt":{"rendered":"<p>El exmandatario respondi\u00f3 a recientes declaraciones de Luis Arce, en las cuales deslind\u00f3 responsabilidad sobre el declive en la exportaci\u00f3n de gas, bajo el argumento de que era Ministro de Econom\u00eda, pero no de Hidrocarburos. \u00a0\u00a0\u00a0\u00a0\u00a0\u00a0\u00a0\u00a0 Evo Morales asegur\u00f3 este viernes que, durante su Gobierno, Luis Arce conoc\u00eda de la situaci\u00f3n de los hidrocarburos y [&hellip;]<\/p>\n","protected":false},"author":1,"featured_media":10590,"comment_status":"closed","ping_status":"closed","sticky":false,"template":"","format":"standard","meta":{"fifu_image_url":"","fifu_image_alt":"","footnotes":""},"categories":[30],"tags":[],"class_list":["post-10589","post","type-post","status-publish","format-standard","has-post-thumbnail","hentry","category-politica"],"_links":{"self":[{"href":"https:\/\/stbnoticias.com\/index.php\/wp-json\/wp\/v2\/posts\/10589","targetHints":{"allow":["GET"]}}],"collection":[{"href":"https:\/\/stbnoticias.com\/index.php\/wp-json\/wp\/v2\/posts"}],"about":[{"href":"https:\/\/stbnoticias.com\/index.php\/wp-json\/wp\/v2\/types\/post"}],"author":[{"embeddable":true,"href":"https:\/\/stbnoticias.com\/index.php\/wp-json\/wp\/v2\/users\/1"}],"replies":[{"embeddable":true,"href":"https:\/\/stbnoticias.com\/index.php\/wp-json\/wp\/v2\/comments?post=10589"}],"version-history":[{"count":1,"href":"https:\/\/stbnoticias.com\/index.php\/wp-json\/wp\/v2\/posts\/10589\/revisions"}],"predecessor-version":[{"id":10591,"href":"https:\/\/stbnoticias.com\/index.php\/wp-json\/wp\/v2\/posts\/10589\/revisions\/10591"}],"wp:featuredmedia":[{"embeddable":true,"href":"https:\/\/stbnoticias.com\/index.php\/wp-json\/wp\/v2\/media\/10590"}],"wp:attachment":[{"href":"https:\/\/stbnoticias.com\/index.php\/wp-json\/wp\/v2\/media?parent=10589"}],"wp:term":[{"taxonomy":"category","embeddable":true,"href":"https:\/\/stbnoticias.com\/index.php\/wp-json\/wp\/v2\/categories?post=10589"},{"taxonomy":"post_tag","embeddable":true,"href":"https:\/\/stbnoticias.com\/index.php\/wp-json\/wp\/v2\/tags?post=10589"}],"curies":[{"name":"wp","href":"https:\/\/api.w.org\/{rel}","templated":true}]}}