{"id":10592,"date":"2025-03-21T18:34:19","date_gmt":"2025-03-21T22:34:19","guid":{"rendered":"https:\/\/stbnoticias.com\/?p=10592"},"modified":"2025-03-21T18:34:19","modified_gmt":"2025-03-21T22:34:19","slug":"choferes-declaran-cuarto-intermedio-y-suspenden-paro-tras-reunion-con-el-gobierno","status":"publish","type":"post","link":"https:\/\/stbnoticias.com\/index.php\/2025\/03\/21\/choferes-declaran-cuarto-intermedio-y-suspenden-paro-tras-reunion-con-el-gobierno\/","title":{"rendered":"Choferes declaran cuarto intermedio y suspenden paro tras reuni\u00f3n con el Gobierno"},"content":{"rendered":"\n<p><em>Llegaron a un acuerdo con las autoridades, pero se mantienen en estado de emergencia<\/em><\/p>\n\n\n\n<figure class=\"wp-block-image size-full\"><img loading=\"lazy\" decoding=\"async\" width=\"980\" height=\"653\" src=\"https:\/\/stbnoticias.com\/wp-content\/uploads\/2025\/03\/image-46.png\" alt=\"\" class=\"wp-image-10593\" srcset=\"https:\/\/stbnoticias.com\/wp-content\/uploads\/2025\/03\/image-46.png 980w, https:\/\/stbnoticias.com\/wp-content\/uploads\/2025\/03\/image-46-300x200.png 300w, https:\/\/stbnoticias.com\/wp-content\/uploads\/2025\/03\/image-46-768x512.png 768w\" sizes=\"auto, (max-width: 980px) 100vw, 980px\" \/><\/figure>\n\n\n\n<p>La Confederaci\u00f3n Sindical de Ch\u00f3feres de Bolivia declar\u00f3 un cuarto intermedio en sus movilizaciones y suspendi\u00f3 el paro de 48 horas previsto para este lunes 24 y martes 25 de marzo, luego de una reuni\u00f3n con autoridades del Gobierno nacional, en la ciudad de La Paz.<\/p>\n\n\n\n<p>Lucio G\u00f3mez, dirigente de los transportistas, sostuvo que el Gobierno deber\u00e1 entregar un documento con respuestas al pliego de demandas, entre ellas la destituci\u00f3n de autoridades de la Administradora Boliviana de Carreteras (ABC).<\/p>\n\n\n\n<p><\/p>\n","protected":false},"excerpt":{"rendered":"<p>Llegaron a un acuerdo con las autoridades, pero se mantienen en estado de emergencia La Confederaci\u00f3n Sindical de Ch\u00f3feres de Bolivia declar\u00f3 un cuarto intermedio en sus movilizaciones y suspendi\u00f3 el paro de 48 horas previsto para este lunes 24 y martes 25 de marzo, luego de una reuni\u00f3n con autoridades del Gobierno nacional, en [&hellip;]<\/p>\n","protected":false},"author":1,"featured_media":10593,"comment_status":"closed","ping_status":"closed","sticky":false,"template":"","format":"standard","meta":{"fifu_image_url":"","fifu_image_alt":"","footnotes":""},"categories":[22],"tags":[],"class_list":["post-10592","post","type-post","status-publish","format-standard","has-post-thumbnail","hentry","category-bolivia"],"_links":{"self":[{"href":"https:\/\/stbnoticias.com\/index.php\/wp-json\/wp\/v2\/posts\/10592","targetHints":{"allow":["GET"]}}],"collection":[{"href":"https:\/\/stbnoticias.com\/index.php\/wp-json\/wp\/v2\/posts"}],"about":[{"href":"https:\/\/stbnoticias.com\/index.php\/wp-json\/wp\/v2\/types\/post"}],"author":[{"embeddable":true,"href":"https:\/\/stbnoticias.com\/index.php\/wp-json\/wp\/v2\/users\/1"}],"replies":[{"embeddable":true,"href":"https:\/\/stbnoticias.com\/index.php\/wp-json\/wp\/v2\/comments?post=10592"}],"version-history":[{"count":1,"href":"https:\/\/stbnoticias.com\/index.php\/wp-json\/wp\/v2\/posts\/10592\/revisions"}],"predecessor-version":[{"id":10594,"href":"https:\/\/stbnoticias.com\/index.php\/wp-json\/wp\/v2\/posts\/10592\/revisions\/10594"}],"wp:featuredmedia":[{"embeddable":true,"href":"https:\/\/stbnoticias.com\/index.php\/wp-json\/wp\/v2\/media\/10593"}],"wp:attachment":[{"href":"https:\/\/stbnoticias.com\/index.php\/wp-json\/wp\/v2\/media?parent=10592"}],"wp:term":[{"taxonomy":"category","embeddable":true,"href":"https:\/\/stbnoticias.com\/index.php\/wp-json\/wp\/v2\/categories?post=10592"},{"taxonomy":"post_tag","embeddable":true,"href":"https:\/\/stbnoticias.com\/index.php\/wp-json\/wp\/v2\/tags?post=10592"}],"curies":[{"name":"wp","href":"https:\/\/api.w.org\/{rel}","templated":true}]}}