{"id":10595,"date":"2025-03-19T22:42:39","date_gmt":"2025-03-20T02:42:39","guid":{"rendered":"https:\/\/stbnoticias.com\/?p=10595"},"modified":"2025-03-21T22:42:53","modified_gmt":"2025-03-22T02:42:53","slug":"trump-y-putin-pactan-alto-a-ataques-de-energia-ucraniana-por-30-dias","status":"publish","type":"post","link":"https:\/\/stbnoticias.com\/index.php\/2025\/03\/19\/trump-y-putin-pactan-alto-a-ataques-de-energia-ucraniana-por-30-dias\/","title":{"rendered":"Trump y Putin pactan alto a ataques de energ\u00eda ucraniana por 30 d\u00edas"},"content":{"rendered":"\n<p>Luego de varios meses de rumores que aseguraban que ambas autoridades tendr\u00edan comunicaci\u00f3n directa, lleg\u00f3 el d\u00eda en que Trump y Putin iniciaron negociaciones en busca de paz.<\/p>\n\n\n\n<figure class=\"wp-block-image size-large\"><img loading=\"lazy\" decoding=\"async\" width=\"1024\" height=\"571\" src=\"https:\/\/stbnoticias.com\/wp-content\/uploads\/2025\/03\/image-47-1024x571.png\" alt=\"\" class=\"wp-image-10596\" srcset=\"https:\/\/stbnoticias.com\/wp-content\/uploads\/2025\/03\/image-47-1024x571.png 1024w, https:\/\/stbnoticias.com\/wp-content\/uploads\/2025\/03\/image-47-300x167.png 300w, https:\/\/stbnoticias.com\/wp-content\/uploads\/2025\/03\/image-47-768x428.png 768w, https:\/\/stbnoticias.com\/wp-content\/uploads\/2025\/03\/image-47.png 1172w\" sizes=\"auto, (max-width: 1024px) 100vw, 1024px\" \/><\/figure>\n\n\n\n<p>Finalmente, se realiz\u00f3 la llamada que podr\u00eda cambiar el panorama en el conflicto b\u00e9lico entre Rusia y Ucrania. El presidente de Estados Unidos, Donald Trump, y su hom\u00f3logo ruso, Vlad\u00edmir Putin, han hablado por tel\u00e9fono la ma\u00f1ana del martes en una conversaci\u00f3n que habr\u00eda durado una hora y media, seg\u00fan informes de la NBC News.&nbsp;<\/p>\n\n\n\n<p>Tras la tan esperada conversaci\u00f3n, la Casa Blanca ha informado mediante un comunicado que ambos mandatarios acordaron un alto el fuego sobre objetivos energ\u00e9ticos e infraestructuras, adem\u00e1s de negociar como paso siguiente el alto al fuego mar\u00edtimo.&nbsp;<\/p>\n\n\n\n<p>En tanto, el Kremlin ha detallado que los ataques se detendr\u00e1n por un periodo inicial de 30 d\u00edas.<\/p>\n\n\n\n<p>El acuerdo que tuvo a EEUU como mediador, no implica el alto el fuego total e incondicional que ped\u00eda Ucrania, pero se tiene previsto que comience con el intercambio de 175 prisioneros entre ambos bandos, m\u00e1s la repatriaci\u00f3n a Ucrania de 23 heridos graves de guerra.&nbsp;<\/p>\n\n\n\n<p>Asimismo, se revel\u00f3 que la idea de que el alto el fuego sea limitado y no permanente fue del propio Donald Trump, seg\u00fan la parte rusa, que tambi\u00e9n ha destacado la creaci\u00f3n de grupos de trabajo para abordar nuevas negociaciones para la resoluci\u00f3n del conflicto.<\/p>\n\n\n\n<p>La nota del Gobierno ruso tambi\u00e9n menciona que Putin ha insistido en que, para que el alto el fuego sea general, se deber\u00edan detener los reclutamientos forzosos en Ucrania y el rearme de su Ej\u00e9rcito, condiciones que inicialmente dificultaban el avance en los acuerdos.<\/p>\n\n\n\n<p>Mientras que, el comunicado de la Casa Blanca ha se\u00f1alado la mejor\u00eda de las relaciones de ambos pa\u00edses, que traer\u00e1 enormes ventajas como escenarios para prevenir futuros conflictos, el control de las armas estrat\u00e9gicas y la visi\u00f3n conjunta de que Ir\u00e1n no debe estar en posici\u00f3n de destruir a Israel.<\/p>\n\n\n\n<p>\u201cMi conversaci\u00f3n telef\u00f3nica con el presidente Putin ha sido muy buena y productiva. Hemos acordado un alto el fuego inmediato para toda la energ\u00eda y la infraestructura, con el entendimiento de que vamos a trabajar con celeridad para tener un alto el fuego completo y, en \u00faltima instancia, un fin a esta horrible guerra entre Rusia y Ucrania. Esta guerra nunca habr\u00eda comenzado si yo hubiera sido presidente. Ese proceso est\u00e1 ahora en pleno vigor y efecto, y esperemos que, por el bien de la Humanidad, lo consigamos\u201d, escribi\u00f3 el l\u00edder republicano, Donald Trump en sus redes sociales.&nbsp;<\/p>\n\n\n\n<p><\/p>\n","protected":false},"excerpt":{"rendered":"<p>Luego de varios meses de rumores que aseguraban que ambas autoridades tendr\u00edan comunicaci\u00f3n directa, lleg\u00f3 el d\u00eda en que Trump y Putin iniciaron negociaciones en busca de paz. Finalmente, se realiz\u00f3 la llamada que podr\u00eda cambiar el panorama en el conflicto b\u00e9lico entre Rusia y Ucrania. El presidente de Estados Unidos, Donald Trump, y su [&hellip;]<\/p>\n","protected":false},"author":1,"featured_media":10596,"comment_status":"closed","ping_status":"closed","sticky":false,"template":"","format":"standard","meta":{"fifu_image_url":"","fifu_image_alt":"","footnotes":""},"categories":[24],"tags":[],"class_list":["post-10595","post","type-post","status-publish","format-standard","has-post-thumbnail","hentry","category-mundo"],"_links":{"self":[{"href":"https:\/\/stbnoticias.com\/index.php\/wp-json\/wp\/v2\/posts\/10595","targetHints":{"allow":["GET"]}}],"collection":[{"href":"https:\/\/stbnoticias.com\/index.php\/wp-json\/wp\/v2\/posts"}],"about":[{"href":"https:\/\/stbnoticias.com\/index.php\/wp-json\/wp\/v2\/types\/post"}],"author":[{"embeddable":true,"href":"https:\/\/stbnoticias.com\/index.php\/wp-json\/wp\/v2\/users\/1"}],"replies":[{"embeddable":true,"href":"https:\/\/stbnoticias.com\/index.php\/wp-json\/wp\/v2\/comments?post=10595"}],"version-history":[{"count":1,"href":"https:\/\/stbnoticias.com\/index.php\/wp-json\/wp\/v2\/posts\/10595\/revisions"}],"predecessor-version":[{"id":10597,"href":"https:\/\/stbnoticias.com\/index.php\/wp-json\/wp\/v2\/posts\/10595\/revisions\/10597"}],"wp:featuredmedia":[{"embeddable":true,"href":"https:\/\/stbnoticias.com\/index.php\/wp-json\/wp\/v2\/media\/10596"}],"wp:attachment":[{"href":"https:\/\/stbnoticias.com\/index.php\/wp-json\/wp\/v2\/media?parent=10595"}],"wp:term":[{"taxonomy":"category","embeddable":true,"href":"https:\/\/stbnoticias.com\/index.php\/wp-json\/wp\/v2\/categories?post=10595"},{"taxonomy":"post_tag","embeddable":true,"href":"https:\/\/stbnoticias.com\/index.php\/wp-json\/wp\/v2\/tags?post=10595"}],"curies":[{"name":"wp","href":"https:\/\/api.w.org\/{rel}","templated":true}]}}