{"id":10619,"date":"2025-03-28T12:32:03","date_gmt":"2025-03-28T16:32:03","guid":{"rendered":"https:\/\/stbnoticias.com\/?p=10619"},"modified":"2025-03-28T12:32:03","modified_gmt":"2025-03-28T16:32:03","slug":"gerardo-garcia-insta-a-andronico-rodriguez-a-rechazar-candidatura-presidencial","status":"publish","type":"post","link":"https:\/\/stbnoticias.com\/index.php\/2025\/03\/28\/gerardo-garcia-insta-a-andronico-rodriguez-a-rechazar-candidatura-presidencial\/","title":{"rendered":"Gerardo Garc\u00eda insta a Andr\u00f3nico Rodr\u00edguez a rechazar candidatura presidencial"},"content":{"rendered":"\n<p><strong>El dirigente evista alerta sobre la divisi\u00f3n que podr\u00eda generar una posible postulaci\u00f3n de Rodr\u00edguez y llama a la unidad en torno a Evo Morales.<\/strong><\/p>\n\n\n\n<figure class=\"wp-block-image size-full\"><img loading=\"lazy\" decoding=\"async\" width=\"992\" height=\"661\" src=\"https:\/\/stbnoticias.com\/wp-content\/uploads\/2025\/03\/image-54.png\" alt=\"\" class=\"wp-image-10620\" srcset=\"https:\/\/stbnoticias.com\/wp-content\/uploads\/2025\/03\/image-54.png 992w, https:\/\/stbnoticias.com\/wp-content\/uploads\/2025\/03\/image-54-300x200.png 300w, https:\/\/stbnoticias.com\/wp-content\/uploads\/2025\/03\/image-54-768x512.png 768w\" sizes=\"auto, (max-width: 992px) 100vw, 992px\" \/><\/figure>\n\n\n\n<p>El dirigente del Movimiento Al Socialismo (MAS), Gerardo Garc\u00eda, ha instado al presidente de la C\u00e1mara de Senadores, Andr\u00f3nico Rodr\u00edguez, a rechazar cualquier posible candidatura presidencial. Esta solicitud surge en medio de rumores sobre la intenci\u00f3n de Rodr\u00edguez de postularse a la presidencia.<\/p>\n\n\n\n<p>En este contexto, Garc\u00eda ha expresado su preocupaci\u00f3n por la posible divisi\u00f3n que podr\u00eda generar esta situaci\u00f3n. Ha solicitado unidad en torno al exmandatario Evo Morales. Estas declaraciones fueron realizadas el 27 de marzo de 2025 durante una entrevista con Kawsachun Coca.<\/p>\n\n\n\n<h3 class=\"wp-block-heading\">Reflexi\u00f3n y unidad<\/h3>\n\n\n\n<p>Garc\u00eda tambi\u00e9n pidi\u00f3 a Rodr\u00edguez que reflexione y no se preste a juegos que, seg\u00fan \u00e9l, son promovidos por el Gobierno con la intenci\u00f3n de generar divisi\u00f3n en torno a Evo Morales. \u201cAndr\u00f3nico Rodr\u00edguez ha dicho que es org\u00e1nico, por lo tanto, espero que cumpla su palabra y la respete para que as\u00ed nuestros compa\u00f1eros no se est\u00e9n confundiendo\u201d, afirm\u00f3 Garc\u00eda.<\/p>\n\n\n\n<h3 class=\"wp-block-heading\">Rodr\u00edguez descarta candidatura<\/h3>\n\n\n\n<p>Por su parte, Andr\u00f3nico Rodr\u00edguez ha descartado en varias ocasiones la posibilidad de ser candidato a la presidencia. Ha afirmado que respetar\u00e1 las decisiones que se tomen en apoyo a Morales para las elecciones generales de agosto, a pesar de que el expresidente est\u00e1 inhabilitado para participar en los comicios de este a\u00f1o.<\/p>\n\n\n\n<h3 class=\"wp-block-heading\">Reuni\u00f3n de seguidores de Morales<\/h3>\n\n\n\n<p>A partir del 29 de marzo de 2025, los seguidores de Evo Morales se reunir\u00e1n en Villa Tunari, que se encuentra en el Chapare de Cochabamba. El objetivo de este encuentro es desarrollar el dise\u00f1o de un nuevo proyecto pol\u00edtico, especialmente despu\u00e9s de que la facci\u00f3n arcista se haya quedado con la sigla del MAS.<\/p>\n\n\n\n<p><a href=\"https:\/\/lapatria.bo\/2025\/03\/27\/gerardo-garcia-insta-a-andronico-rodriguez-a-rechazar-candidatura-presidencial\/#\"><\/a><a href=\"https:\/\/lapatria.bo\/2025\/03\/27\/gerardo-garcia-insta-a-andronico-rodriguez-a-rechazar-candidatura-presidencial\/#\"><\/a><a href=\"https:\/\/lapatria.bo\/2025\/03\/27\/gerardo-garcia-insta-a-andronico-rodriguez-a-rechazar-candidatura-presidencial\/#\"><\/a><\/p>\n","protected":false},"excerpt":{"rendered":"<p>El dirigente evista alerta sobre la divisi\u00f3n que podr\u00eda generar una posible postulaci\u00f3n de Rodr\u00edguez y llama a la unidad en torno a Evo Morales. El dirigente del Movimiento Al Socialismo (MAS), Gerardo Garc\u00eda, ha instado al presidente de la C\u00e1mara de Senadores, Andr\u00f3nico Rodr\u00edguez, a rechazar cualquier posible candidatura presidencial. Esta solicitud surge en [&hellip;]<\/p>\n","protected":false},"author":1,"featured_media":10620,"comment_status":"closed","ping_status":"closed","sticky":false,"template":"","format":"standard","meta":{"fifu_image_url":"","fifu_image_alt":"","footnotes":""},"categories":[22,30],"tags":[],"class_list":["post-10619","post","type-post","status-publish","format-standard","has-post-thumbnail","hentry","category-bolivia","category-politica"],"_links":{"self":[{"href":"https:\/\/stbnoticias.com\/index.php\/wp-json\/wp\/v2\/posts\/10619","targetHints":{"allow":["GET"]}}],"collection":[{"href":"https:\/\/stbnoticias.com\/index.php\/wp-json\/wp\/v2\/posts"}],"about":[{"href":"https:\/\/stbnoticias.com\/index.php\/wp-json\/wp\/v2\/types\/post"}],"author":[{"embeddable":true,"href":"https:\/\/stbnoticias.com\/index.php\/wp-json\/wp\/v2\/users\/1"}],"replies":[{"embeddable":true,"href":"https:\/\/stbnoticias.com\/index.php\/wp-json\/wp\/v2\/comments?post=10619"}],"version-history":[{"count":1,"href":"https:\/\/stbnoticias.com\/index.php\/wp-json\/wp\/v2\/posts\/10619\/revisions"}],"predecessor-version":[{"id":10621,"href":"https:\/\/stbnoticias.com\/index.php\/wp-json\/wp\/v2\/posts\/10619\/revisions\/10621"}],"wp:featuredmedia":[{"embeddable":true,"href":"https:\/\/stbnoticias.com\/index.php\/wp-json\/wp\/v2\/media\/10620"}],"wp:attachment":[{"href":"https:\/\/stbnoticias.com\/index.php\/wp-json\/wp\/v2\/media?parent=10619"}],"wp:term":[{"taxonomy":"category","embeddable":true,"href":"https:\/\/stbnoticias.com\/index.php\/wp-json\/wp\/v2\/categories?post=10619"},{"taxonomy":"post_tag","embeddable":true,"href":"https:\/\/stbnoticias.com\/index.php\/wp-json\/wp\/v2\/tags?post=10619"}],"curies":[{"name":"wp","href":"https:\/\/api.w.org\/{rel}","templated":true}]}}