{"id":10629,"date":"2025-04-01T11:30:24","date_gmt":"2025-04-01T15:30:24","guid":{"rendered":"https:\/\/stbnoticias.com\/?p=10629"},"modified":"2025-04-01T11:30:24","modified_gmt":"2025-04-01T15:30:24","slug":"pediran-30-anos-de-carcel-para-joel-y-15-para-sus-padres-por-la-desaparicion-de-odalys-vaquiata","status":"publish","type":"post","link":"https:\/\/stbnoticias.com\/index.php\/2025\/04\/01\/pediran-30-anos-de-carcel-para-joel-y-15-para-sus-padres-por-la-desaparicion-de-odalys-vaquiata\/","title":{"rendered":"Pedir\u00e1n 30 a\u00f1os de c\u00e1rcel para Joel y 15 para sus padres por la desaparici\u00f3n de Odalys Vaquiata"},"content":{"rendered":"\n<p>El abogado Jhovanny Gonzales, defensa legal de la familia de la joven desaparecida Odalys Vaquiata, inform\u00f3 este lunes a Red Uno que, en dos semanas se realizar\u00e1 el juicio oral en contra de los sindicados de los presuntos delitos de desaparici\u00f3n y feminicidio de la joven.<\/p>\n\n\n\n<figure class=\"wp-block-image\"><img decoding=\"async\" src=\"https:\/\/pxcdn.reduno.com.bo\/reduno\/042025\/1743505544131.webp?cw=800&amp;ch=450&amp;extw=jpg\" alt=\"Pedir\u00e1n 30 a\u00f1os de c\u00e1rcel para Joel y 15 para sus padres por la desaparici\u00f3n de Odalys Vaquiata\" title=\"Pedir\u00e1n 30 a\u00f1os de c\u00e1rcel para Joel y 15 para sus padres por la desaparici\u00f3n de Odalys Vaquiata\"\/><\/figure>\n\n\n\n<p><\/p>\n\n\n\n<p>Dentro de los cuales el enamorado de Odalys Vaquiata, Joel P. se encuentra como el principal sindicado y ser\u00e1 sometido a un juicio oral por el delito de feminicidio, el jurista se\u00f1al\u00f3 que en este caso se pedir\u00e1 la pena m\u00e1xima de 30 a\u00f1os de c\u00e1rcel.<\/p>\n\n\n\n<p>En el proceso tambi\u00e9n se encuentran involucrados, los padres de Joel, los mismos se est\u00e1n en calidad de c\u00f3mplices, tambi\u00e9n ser\u00e1n sometidos al juicio oral, para ellos se solicitar\u00e1 una pena de 15 a\u00f1os de prisi\u00f3n.<\/p>\n","protected":false},"excerpt":{"rendered":"<p>El abogado Jhovanny Gonzales, defensa legal de la familia de la joven desaparecida Odalys Vaquiata, inform\u00f3 este lunes a Red Uno que, en dos semanas se realizar\u00e1 el juicio oral en contra de los sindicados de los presuntos delitos de desaparici\u00f3n y feminicidio de la joven. Dentro de los cuales el enamorado de Odalys Vaquiata, [&hellip;]<\/p>\n","protected":false},"author":1,"featured_media":10630,"comment_status":"closed","ping_status":"closed","sticky":false,"template":"","format":"standard","meta":{"fifu_image_url":"","fifu_image_alt":"","footnotes":""},"categories":[35],"tags":[],"class_list":["post-10629","post","type-post","status-publish","format-standard","has-post-thumbnail","hentry","category-la-paz"],"_links":{"self":[{"href":"https:\/\/stbnoticias.com\/index.php\/wp-json\/wp\/v2\/posts\/10629","targetHints":{"allow":["GET"]}}],"collection":[{"href":"https:\/\/stbnoticias.com\/index.php\/wp-json\/wp\/v2\/posts"}],"about":[{"href":"https:\/\/stbnoticias.com\/index.php\/wp-json\/wp\/v2\/types\/post"}],"author":[{"embeddable":true,"href":"https:\/\/stbnoticias.com\/index.php\/wp-json\/wp\/v2\/users\/1"}],"replies":[{"embeddable":true,"href":"https:\/\/stbnoticias.com\/index.php\/wp-json\/wp\/v2\/comments?post=10629"}],"version-history":[{"count":1,"href":"https:\/\/stbnoticias.com\/index.php\/wp-json\/wp\/v2\/posts\/10629\/revisions"}],"predecessor-version":[{"id":10631,"href":"https:\/\/stbnoticias.com\/index.php\/wp-json\/wp\/v2\/posts\/10629\/revisions\/10631"}],"wp:featuredmedia":[{"embeddable":true,"href":"https:\/\/stbnoticias.com\/index.php\/wp-json\/wp\/v2\/media\/10630"}],"wp:attachment":[{"href":"https:\/\/stbnoticias.com\/index.php\/wp-json\/wp\/v2\/media?parent=10629"}],"wp:term":[{"taxonomy":"category","embeddable":true,"href":"https:\/\/stbnoticias.com\/index.php\/wp-json\/wp\/v2\/categories?post=10629"},{"taxonomy":"post_tag","embeddable":true,"href":"https:\/\/stbnoticias.com\/index.php\/wp-json\/wp\/v2\/tags?post=10629"}],"curies":[{"name":"wp","href":"https:\/\/api.w.org\/{rel}","templated":true}]}}