{"id":10639,"date":"2025-04-02T10:25:28","date_gmt":"2025-04-02T14:25:28","guid":{"rendered":"https:\/\/stbnoticias.com\/?p=10639"},"modified":"2025-04-02T10:28:28","modified_gmt":"2025-04-02T14:28:28","slug":"morales-dice-que-rechazo-usar-su-nombre-en-la-sigla-evo-pueblo-y-afirma-que-se-impuso-la-mayoria-absoluta","status":"publish","type":"post","link":"https:\/\/stbnoticias.com\/index.php\/2025\/04\/02\/morales-dice-que-rechazo-usar-su-nombre-en-la-sigla-evo-pueblo-y-afirma-que-se-impuso-la-mayoria-absoluta\/","title":{"rendered":"Morales dice que rechaz\u00f3 usar su nombre en la sigla \u2018Evo Pueblo\u2019 y afirma que se \u201cimpuso la mayor\u00eda absoluta\u201d"},"content":{"rendered":"\n<p>Evo Morales tambi\u00e9n anunci\u00f3 que este domingo desde las 8:00 se realizar\u00e1 el primer ampliado de \u2018Evo Pueblo\u2019, en la sede de la Seis Federaciones del Tr\u00f3pico de Cochabamba<\/p>\n\n\n\n<figure class=\"wp-block-image size-large\"><img loading=\"lazy\" decoding=\"async\" width=\"1024\" height=\"436\" src=\"https:\/\/stbnoticias.com\/wp-content\/uploads\/2025\/04\/image-2-1024x436.png\" alt=\"\" class=\"wp-image-10640\" srcset=\"https:\/\/stbnoticias.com\/wp-content\/uploads\/2025\/04\/image-2-1024x436.png 1024w, https:\/\/stbnoticias.com\/wp-content\/uploads\/2025\/04\/image-2-300x128.png 300w, https:\/\/stbnoticias.com\/wp-content\/uploads\/2025\/04\/image-2-768x327.png 768w, https:\/\/stbnoticias.com\/wp-content\/uploads\/2025\/04\/image-2.png 1280w\" sizes=\"auto, (max-width: 1024px) 100vw, 1024px\" \/><\/figure>\n\n\n\n<p>El expresidente y l\u00edder de las Seis Federaciones del Tr\u00f3pico de Cochabamba, Evo Morales,&nbsp;<strong>se refiri\u00f3 este martes al nombre de la sigla \u2018Evo Pueblo\u2019,<\/strong>&nbsp;que se dio a conocer tras la realizaci\u00f3n de un congreso del bloque evista.<\/p>\n\n\n\n<p>\u201cEscuch\u00e9 algunas protestas de la derecha sobre el t\u00e9rmino \u2018Evo Pueblo\u2019. El contenido del significado es \u2018estamos volviendo obedeciendo al pueblo boliviano\u2019.&nbsp;<strong>Ac\u00e1 en reuniones yo rechac\u00e9 cualquier t\u00e9rmino \u2018Evo\u2019, o slogan de Evo<\/strong>\u201d, afirm\u00f3 Morales.<\/p>\n\n\n\n<p>Se\u00f1al\u00f3 que el nombre de la sigla&nbsp;<strong>se defini\u00f3 en una de las comisiones instaladas en Villa Tunari<\/strong>,durante la realizaci\u00f3n de la \u201crefundaci\u00f3n del instrumento pol\u00edtico\u201d.<\/p>\n\n\n\n<p>\u201cMe informaron en la comisi\u00f3n,<strong>\u00a0se ha impuesto por mayor\u00eda absoluta<\/strong>. Entiendo perfectamente el sentimiento. No acept\u00e9 inicialmente\u201d, sostuvo en un mensaje que brind\u00f3 mediante las redes sociales.Morales tambi\u00e9n&nbsp;<strong>anunci\u00f3 la convocatoria al primer ampliado nacional de \u2018Evo Pueblo\u2019<\/strong>, que se realizar\u00e1 este&nbsp;<strong>domingo 6 de abril<\/strong>&nbsp;desde las 8:00, en la sede de las Seis Federaciones del Tr\u00f3pico,&nbsp;<strong>Lauca \u00d1.<\/strong><\/p>\n\n\n\n<p>Un dirigente ley\u00f3 la convocatoria \u201cal primer ampliado nacional para establecer&nbsp;<strong>las bases de las elecciones de candidatos a la Asamblea Legislativa&nbsp;<\/strong>en las elecciones generales que se realizar\u00e1n en la presente gesti\u00f3n\u201d.<\/p>\n\n\n\n<p>Este fin de semana, el bloque evista realiz\u00f3 un congreso de \u201crefundaci\u00f3n del instrumento pol\u00edtico\u201d tras que el ala arcista se quedara con la sigla del MAS.<\/p>\n\n\n\n<p>Morales insiste con su candidatura a las elecciones generales.<\/p>\n","protected":false},"excerpt":{"rendered":"<p>Evo Morales tambi\u00e9n anunci\u00f3 que este domingo desde las 8:00 se realizar\u00e1 el primer ampliado de \u2018Evo Pueblo\u2019, en la sede de la Seis Federaciones del Tr\u00f3pico de Cochabamba El expresidente y l\u00edder de las Seis Federaciones del Tr\u00f3pico de Cochabamba, Evo Morales,&nbsp;se refiri\u00f3 este martes al nombre de la sigla \u2018Evo Pueblo\u2019,&nbsp;que se dio [&hellip;]<\/p>\n","protected":false},"author":1,"featured_media":10640,"comment_status":"closed","ping_status":"closed","sticky":false,"template":"","format":"standard","meta":{"fifu_image_url":"","fifu_image_alt":"","footnotes":""},"categories":[22,30],"tags":[],"class_list":["post-10639","post","type-post","status-publish","format-standard","has-post-thumbnail","hentry","category-bolivia","category-politica"],"_links":{"self":[{"href":"https:\/\/stbnoticias.com\/index.php\/wp-json\/wp\/v2\/posts\/10639","targetHints":{"allow":["GET"]}}],"collection":[{"href":"https:\/\/stbnoticias.com\/index.php\/wp-json\/wp\/v2\/posts"}],"about":[{"href":"https:\/\/stbnoticias.com\/index.php\/wp-json\/wp\/v2\/types\/post"}],"author":[{"embeddable":true,"href":"https:\/\/stbnoticias.com\/index.php\/wp-json\/wp\/v2\/users\/1"}],"replies":[{"embeddable":true,"href":"https:\/\/stbnoticias.com\/index.php\/wp-json\/wp\/v2\/comments?post=10639"}],"version-history":[{"count":1,"href":"https:\/\/stbnoticias.com\/index.php\/wp-json\/wp\/v2\/posts\/10639\/revisions"}],"predecessor-version":[{"id":10641,"href":"https:\/\/stbnoticias.com\/index.php\/wp-json\/wp\/v2\/posts\/10639\/revisions\/10641"}],"wp:featuredmedia":[{"embeddable":true,"href":"https:\/\/stbnoticias.com\/index.php\/wp-json\/wp\/v2\/media\/10640"}],"wp:attachment":[{"href":"https:\/\/stbnoticias.com\/index.php\/wp-json\/wp\/v2\/media?parent=10639"}],"wp:term":[{"taxonomy":"category","embeddable":true,"href":"https:\/\/stbnoticias.com\/index.php\/wp-json\/wp\/v2\/categories?post=10639"},{"taxonomy":"post_tag","embeddable":true,"href":"https:\/\/stbnoticias.com\/index.php\/wp-json\/wp\/v2\/tags?post=10639"}],"curies":[{"name":"wp","href":"https:\/\/api.w.org\/{rel}","templated":true}]}}