{"id":10643,"date":"2025-04-02T10:32:27","date_gmt":"2025-04-02T14:32:27","guid":{"rendered":"https:\/\/stbnoticias.com\/?p=10643"},"modified":"2025-04-02T10:32:27","modified_gmt":"2025-04-02T14:32:27","slug":"del-castillo-anuncia-la-llegada-a-bolivia-del-acusado-de-violacion-en-el-colegio-aleman","status":"publish","type":"post","link":"https:\/\/stbnoticias.com\/index.php\/2025\/04\/02\/del-castillo-anuncia-la-llegada-a-bolivia-del-acusado-de-violacion-en-el-colegio-aleman\/","title":{"rendered":"Del Castillo anuncia la llegada a Bolivia del acusado de violaci\u00f3n en el Colegio Alem\u00e1n"},"content":{"rendered":"\n<p><em>El Ministro se\u00f1ala que se cumplir\u00e1 la extradici\u00f3n de Sebasti\u00e1n D.V.D., despu\u00e9s de \u201carduos trabajos de diplomacia entre Espa\u00f1a y Bolivia\u201d<\/em><\/p>\n\n\n<div class=\"wp-block-image\">\n<figure class=\"aligncenter size-full\"><img loading=\"lazy\" decoding=\"async\" width=\"403\" height=\"537\" src=\"https:\/\/stbnoticias.com\/wp-content\/uploads\/2025\/04\/image-3.png\" alt=\"\" class=\"wp-image-10644\" srcset=\"https:\/\/stbnoticias.com\/wp-content\/uploads\/2025\/04\/image-3.png 403w, https:\/\/stbnoticias.com\/wp-content\/uploads\/2025\/04\/image-3-225x300.png 225w\" sizes=\"auto, (max-width: 403px) 100vw, 403px\" \/><\/figure>\n<\/div>\n\n\n<p>Sebasti\u00e1n D.V.D., principal acusado de la violaci\u00f3n a un menor de 12 a\u00f1os en el Colegio Alem\u00e1n de la ciudad de Santa Cruz en 2023, llegar\u00e1 \u201cen la siguientes horas\u201d al pa\u00eds para responder a la justicia boliviana, anunci\u00f3 el ministro de Gobierno, Eduardo del Castillo.<\/p>\n\n\n\n<p>\u201cDespu\u00e9s de arduos trabajos de diplomacia entre Espa\u00f1a y Bolivia; en las siguientes horas, Sebasti\u00e1n, acusado de abuso sexual contra un ni\u00f1o de 12 a\u00f1os en el Colegio Alem\u00e1n de Santa Cruz, estar\u00e1 en Bolivia para responder a la justicia\u201d, public\u00f3 la autoridad en sus redes sociales.<\/p>\n\n\n\n<p>En enero se conoci\u00f3 que la justicia espa\u00f1ola orden\u00f3 la extradici\u00f3n de Sebasti\u00e1n, aunque las autoridades bolivianas indicaron que se deb\u00edan cumplir tr\u00e1mites en coordinaci\u00f3n con Espa\u00f1a.<\/p>\n\n\n\n<p>Se conoce que Sebasti\u00e1n sali\u00f3 del pa\u00eds y no acudi\u00f3 a una citaci\u00f3n judicial, en 2023, por lo que fue declarado en rebeld\u00eda; sin embargo, cay\u00f3 en manos de las autoridades de Espa\u00f1a en agosto de 2024. Desde entonces, est\u00e1 detenido en el Centro Penitenciario Madrid II.<\/p>\n\n\n\n<p>Es acusado de una violaci\u00f3n que se habr\u00eda suscitado en mayo de 2023, pero fue hasta junio de ese a\u00f1o que el menor de 12 a\u00f1os denunci\u00f3 que habr\u00eda sido v\u00edctima de violencia sexual por parte de sus compa\u00f1eros en el ba\u00f1o del Colegio Alem\u00e1n, de la ciudad de Santa Cruz.<\/p>\n\n\n\n<p>La v\u00edctima revel\u00f3 que se trataba de estudiantes enmascarados de quinto grado de secundaria, es decir de la pre-promoci\u00f3n, pero no los denunci\u00f3 antes porque estaba bajo amenazas.<\/p>\n\n\n\n<p>Inicialmente, el caso radicaba en un Juzgado de la Ni\u00f1ez y Adolescencia porque se cre\u00eda que todos los involucrados eran menores de edad; sin embargo, al conocer que Sebasti\u00e1n D. V. D ten\u00eda 18 a\u00f1os se abri\u00f3 un nuevo proceso en la justicia ordinaria.<\/p>\n\n\n\n<p><\/p>\n","protected":false},"excerpt":{"rendered":"<p>El Ministro se\u00f1ala que se cumplir\u00e1 la extradici\u00f3n de Sebasti\u00e1n D.V.D., despu\u00e9s de \u201carduos trabajos de diplomacia entre Espa\u00f1a y Bolivia\u201d Sebasti\u00e1n D.V.D., principal acusado de la violaci\u00f3n a un menor de 12 a\u00f1os en el Colegio Alem\u00e1n de la ciudad de Santa Cruz en 2023, llegar\u00e1 \u201cen la siguientes horas\u201d al pa\u00eds para responder [&hellip;]<\/p>\n","protected":false},"author":1,"featured_media":10644,"comment_status":"closed","ping_status":"closed","sticky":false,"template":"","format":"standard","meta":{"fifu_image_url":"","fifu_image_alt":"","footnotes":""},"categories":[22,45],"tags":[],"class_list":["post-10643","post","type-post","status-publish","format-standard","has-post-thumbnail","hentry","category-bolivia","category-sociedad"],"_links":{"self":[{"href":"https:\/\/stbnoticias.com\/index.php\/wp-json\/wp\/v2\/posts\/10643","targetHints":{"allow":["GET"]}}],"collection":[{"href":"https:\/\/stbnoticias.com\/index.php\/wp-json\/wp\/v2\/posts"}],"about":[{"href":"https:\/\/stbnoticias.com\/index.php\/wp-json\/wp\/v2\/types\/post"}],"author":[{"embeddable":true,"href":"https:\/\/stbnoticias.com\/index.php\/wp-json\/wp\/v2\/users\/1"}],"replies":[{"embeddable":true,"href":"https:\/\/stbnoticias.com\/index.php\/wp-json\/wp\/v2\/comments?post=10643"}],"version-history":[{"count":1,"href":"https:\/\/stbnoticias.com\/index.php\/wp-json\/wp\/v2\/posts\/10643\/revisions"}],"predecessor-version":[{"id":10645,"href":"https:\/\/stbnoticias.com\/index.php\/wp-json\/wp\/v2\/posts\/10643\/revisions\/10645"}],"wp:featuredmedia":[{"embeddable":true,"href":"https:\/\/stbnoticias.com\/index.php\/wp-json\/wp\/v2\/media\/10644"}],"wp:attachment":[{"href":"https:\/\/stbnoticias.com\/index.php\/wp-json\/wp\/v2\/media?parent=10643"}],"wp:term":[{"taxonomy":"category","embeddable":true,"href":"https:\/\/stbnoticias.com\/index.php\/wp-json\/wp\/v2\/categories?post=10643"},{"taxonomy":"post_tag","embeddable":true,"href":"https:\/\/stbnoticias.com\/index.php\/wp-json\/wp\/v2\/tags?post=10643"}],"curies":[{"name":"wp","href":"https:\/\/api.w.org\/{rel}","templated":true}]}}