{"id":10649,"date":"2025-04-03T10:54:15","date_gmt":"2025-04-03T14:54:15","guid":{"rendered":"https:\/\/stbnoticias.com\/?p=10649"},"modified":"2025-04-04T10:54:25","modified_gmt":"2025-04-04T14:54:25","slug":"tse-oficializa-convocatoria-a-elecciones-generales-2025-en-bolivia","status":"publish","type":"post","link":"https:\/\/stbnoticias.com\/index.php\/2025\/04\/03\/tse-oficializa-convocatoria-a-elecciones-generales-2025-en-bolivia\/","title":{"rendered":"TSE oficializa convocatoria a elecciones generales 2025 en Bolivia"},"content":{"rendered":"\n<p>El Tribunal Supremo Electoral (TSE) confirm\u00f3 la realizaci\u00f3n de las Elecciones Generales en Bolivia para el 17 de agosto de 2025. La convocatoria oficial fue anunciada la tarde de este jueves, aproximadamente a las 17:20, marcando el inicio del proceso electoral que definir\u00e1 a las nuevas autoridades del pa\u00eds.&nbsp;&nbsp;<\/p>\n\n\n\n<figure class=\"wp-block-image size-full\"><img loading=\"lazy\" decoding=\"async\" width=\"980\" height=\"514\" src=\"https:\/\/stbnoticias.com\/wp-content\/uploads\/2025\/04\/image-5.png\" alt=\"\" class=\"wp-image-10650\" srcset=\"https:\/\/stbnoticias.com\/wp-content\/uploads\/2025\/04\/image-5.png 980w, https:\/\/stbnoticias.com\/wp-content\/uploads\/2025\/04\/image-5-300x157.png 300w, https:\/\/stbnoticias.com\/wp-content\/uploads\/2025\/04\/image-5-768x403.png 768w\" sizes=\"auto, (max-width: 980px) 100vw, 980px\" \/><\/figure>\n\n\n\n<p>El presidente del TSE, \u00d3scar Hassenteufel, inform\u00f3 que el detalle completo del calendario electoral se dar\u00e1 a conocer la pr\u00f3xima semana. No obstante, adelant\u00f3 que el empadronamiento masivo se llevar\u00e1 a cabo del 18 de abril al 18 de mayo, mientras que las campa\u00f1as electorales se extender\u00e1n desde el 19 de mayo hasta el 13 de agosto.&nbsp;<\/p>\n\n\n\n<p>Adem\u00e1s, hasta el 17 de abril podr\u00e1n registrarse las agrupaciones pol\u00edticas interesadas en participar en los comicios.&nbsp;&nbsp;<\/p>\n\n\n\n<p>Asimismo, el TSE confirm\u00f3 que los bolivianos residentes en 34 pa\u00edses podr\u00e1n ejercer su derecho al voto en estas elecciones. En cuanto a la delimitaci\u00f3n de circunscripciones, la autoridad electoral se\u00f1al\u00f3 que los problemas fueron resueltos la noche del 2 de abril, aprob\u00e1ndose una resoluci\u00f3n con los ajustes necesarios.&nbsp;&nbsp;<\/p>\n\n\n\n<p>Con la convocatoria oficial, Bolivia entra en un nuevo proceso democr\u00e1tico en el que se elegir\u00e1 al presidente, vicepresidente, senadores y diputados que asumir\u00e1n funciones en la gesti\u00f3n 2025-2030.<\/p>\n\n\n\n<p><\/p>\n","protected":false},"excerpt":{"rendered":"<p>El Tribunal Supremo Electoral (TSE) confirm\u00f3 la realizaci\u00f3n de las Elecciones Generales en Bolivia para el 17 de agosto de 2025. La convocatoria oficial fue anunciada la tarde de este jueves, aproximadamente a las 17:20, marcando el inicio del proceso electoral que definir\u00e1 a las nuevas autoridades del pa\u00eds.&nbsp;&nbsp; El presidente del TSE, \u00d3scar Hassenteufel, [&hellip;]<\/p>\n","protected":false},"author":1,"featured_media":10650,"comment_status":"closed","ping_status":"closed","sticky":false,"template":"","format":"standard","meta":{"fifu_image_url":"","fifu_image_alt":"","footnotes":""},"categories":[22,30],"tags":[],"class_list":["post-10649","post","type-post","status-publish","format-standard","has-post-thumbnail","hentry","category-bolivia","category-politica"],"_links":{"self":[{"href":"https:\/\/stbnoticias.com\/index.php\/wp-json\/wp\/v2\/posts\/10649","targetHints":{"allow":["GET"]}}],"collection":[{"href":"https:\/\/stbnoticias.com\/index.php\/wp-json\/wp\/v2\/posts"}],"about":[{"href":"https:\/\/stbnoticias.com\/index.php\/wp-json\/wp\/v2\/types\/post"}],"author":[{"embeddable":true,"href":"https:\/\/stbnoticias.com\/index.php\/wp-json\/wp\/v2\/users\/1"}],"replies":[{"embeddable":true,"href":"https:\/\/stbnoticias.com\/index.php\/wp-json\/wp\/v2\/comments?post=10649"}],"version-history":[{"count":1,"href":"https:\/\/stbnoticias.com\/index.php\/wp-json\/wp\/v2\/posts\/10649\/revisions"}],"predecessor-version":[{"id":10651,"href":"https:\/\/stbnoticias.com\/index.php\/wp-json\/wp\/v2\/posts\/10649\/revisions\/10651"}],"wp:featuredmedia":[{"embeddable":true,"href":"https:\/\/stbnoticias.com\/index.php\/wp-json\/wp\/v2\/media\/10650"}],"wp:attachment":[{"href":"https:\/\/stbnoticias.com\/index.php\/wp-json\/wp\/v2\/media?parent=10649"}],"wp:term":[{"taxonomy":"category","embeddable":true,"href":"https:\/\/stbnoticias.com\/index.php\/wp-json\/wp\/v2\/categories?post=10649"},{"taxonomy":"post_tag","embeddable":true,"href":"https:\/\/stbnoticias.com\/index.php\/wp-json\/wp\/v2\/tags?post=10649"}],"curies":[{"name":"wp","href":"https:\/\/api.w.org\/{rel}","templated":true}]}}