{"id":10652,"date":"2025-04-04T20:45:09","date_gmt":"2025-04-05T00:45:09","guid":{"rendered":"https:\/\/stbnoticias.com\/?p=10652"},"modified":"2025-04-04T20:45:10","modified_gmt":"2025-04-05T00:45:10","slug":"padre-corta-las-trenzas-a-su-hijo-como-castigo-por-burlarse-de-un-companero-con-cancer","status":"publish","type":"post","link":"https:\/\/stbnoticias.com\/index.php\/2025\/04\/04\/padre-corta-las-trenzas-a-su-hijo-como-castigo-por-burlarse-de-un-companero-con-cancer\/","title":{"rendered":"Padre corta las trenzas a su hijo como castigo por burlarse de un compa\u00f1ero con c\u00e1ncer"},"content":{"rendered":"\n<p>El video del momento, en el que el menor hace un berrinche mientras le cortan las trenzas, se ha vuelto viral en las redes sociales.<\/p>\n\n\n\n<figure class=\"wp-block-image size-full\"><img loading=\"lazy\" decoding=\"async\" width=\"800\" height=\"450\" src=\"https:\/\/stbnoticias.com\/wp-content\/uploads\/2025\/04\/1743808578161.webp\" alt=\"\" class=\"wp-image-10653\" srcset=\"https:\/\/stbnoticias.com\/wp-content\/uploads\/2025\/04\/1743808578161.webp 800w, https:\/\/stbnoticias.com\/wp-content\/uploads\/2025\/04\/1743808578161-300x169.webp 300w, https:\/\/stbnoticias.com\/wp-content\/uploads\/2025\/04\/1743808578161-768x432.webp 768w\" sizes=\"auto, (max-width: 800px) 100vw, 800px\" \/><\/figure>\n\n\n\n<p>En un acto de disciplina que ha dividido opiniones,<strong>\u00a0un padre decidi\u00f3 cortar las trenzas a su hijo como castigo tras enterarse de que este se burlaba de un compa\u00f1ero con c\u00e1ncer\u00a0<\/strong>debido a la p\u00e9rdida de su cabello. El conmovedor, aunque pol\u00e9mico, momento fue grabado y r\u00e1pidamente se volvi\u00f3 viral en las redes sociales.\u00a0<\/p>\n\n\n\n<p><strong>En el video<\/strong>,\u00a0<strong>el menor<\/strong>\u00a0visiblemente molesto y llorando\u00a0<strong>hace un berrinche<\/strong>\u00a0mientras su padre, con firmeza, le corta las trenzas, indic\u00e1ndole que este es el precio que debe pagar por su comportamiento cruel e inaceptable.<\/p>\n\n\n\n<p>El castigo gener\u00f3\u00a0una avalancha de comentarios, muchos de los cuales\u00a0<strong>elogian la decisi\u00f3n del padre, consider\u00e1ndola una lecci\u00f3n valiosa sobre empat\u00eda y respeto.<\/strong>\u00a0\u00abExcelente castigo, le har\u00e1 pensar mejor las cosas\u00bb, escribi\u00f3 un usuario. \u00abLas trenzas le volver\u00e1n a crecer, pero la lecci\u00f3n durar\u00e1 toda la vida\u00bb, coment\u00f3 otro.<\/p>\n\n\n\n<p>Sin embargo, no han faltado quienes critican el m\u00e9todo, calificando la acci\u00f3n como humillante y traum\u00e1tica.\u00a0<strong>Algunos psic\u00f3logos sugieren que el castigo podr\u00eda generar sentimientos de verg\u00fcenza y resentimiento en el ni\u00f1o,<\/strong>\u00a0lo que dificultar\u00eda el aprendizaje de la lecci\u00f3n.<\/p>\n\n\n\n<figure class=\"wp-block-embed is-type-video is-provider-dailymotion wp-block-embed-dailymotion\"><div class=\"wp-block-embed__wrapper\">\n<iframe loading=\"lazy\" title=\"Rapo a su hijo como castigo\" frameborder=\"0\" width=\"640\" height=\"917\" src=\"https:\/\/geo.dailymotion.com\/player.html?video=x9hcgmw&#038;\" allowfullscreen allow=\"autoplay; fullscreen; picture-in-picture; web-share\"><\/iframe>\n<\/div><\/figure>\n","protected":false},"excerpt":{"rendered":"<p>El video del momento, en el que el menor hace un berrinche mientras le cortan las trenzas, se ha vuelto viral en las redes sociales. En un acto de disciplina que ha dividido opiniones,\u00a0un padre decidi\u00f3 cortar las trenzas a su hijo como castigo tras enterarse de que este se burlaba de un compa\u00f1ero con [&hellip;]<\/p>\n","protected":false},"author":1,"featured_media":10653,"comment_status":"closed","ping_status":"closed","sticky":false,"template":"","format":"standard","meta":{"fifu_image_url":"","fifu_image_alt":"","footnotes":""},"categories":[24],"tags":[],"class_list":["post-10652","post","type-post","status-publish","format-standard","has-post-thumbnail","hentry","category-mundo"],"_links":{"self":[{"href":"https:\/\/stbnoticias.com\/index.php\/wp-json\/wp\/v2\/posts\/10652","targetHints":{"allow":["GET"]}}],"collection":[{"href":"https:\/\/stbnoticias.com\/index.php\/wp-json\/wp\/v2\/posts"}],"about":[{"href":"https:\/\/stbnoticias.com\/index.php\/wp-json\/wp\/v2\/types\/post"}],"author":[{"embeddable":true,"href":"https:\/\/stbnoticias.com\/index.php\/wp-json\/wp\/v2\/users\/1"}],"replies":[{"embeddable":true,"href":"https:\/\/stbnoticias.com\/index.php\/wp-json\/wp\/v2\/comments?post=10652"}],"version-history":[{"count":1,"href":"https:\/\/stbnoticias.com\/index.php\/wp-json\/wp\/v2\/posts\/10652\/revisions"}],"predecessor-version":[{"id":10654,"href":"https:\/\/stbnoticias.com\/index.php\/wp-json\/wp\/v2\/posts\/10652\/revisions\/10654"}],"wp:featuredmedia":[{"embeddable":true,"href":"https:\/\/stbnoticias.com\/index.php\/wp-json\/wp\/v2\/media\/10653"}],"wp:attachment":[{"href":"https:\/\/stbnoticias.com\/index.php\/wp-json\/wp\/v2\/media?parent=10652"}],"wp:term":[{"taxonomy":"category","embeddable":true,"href":"https:\/\/stbnoticias.com\/index.php\/wp-json\/wp\/v2\/categories?post=10652"},{"taxonomy":"post_tag","embeddable":true,"href":"https:\/\/stbnoticias.com\/index.php\/wp-json\/wp\/v2\/tags?post=10652"}],"curies":[{"name":"wp","href":"https:\/\/api.w.org\/{rel}","templated":true}]}}