{"id":10658,"date":"2025-04-07T10:59:31","date_gmt":"2025-04-07T14:59:31","guid":{"rendered":"https:\/\/stbnoticias.com\/?p=10658"},"modified":"2025-04-07T10:59:31","modified_gmt":"2025-04-07T14:59:31","slug":"el-papa-reaparece-tras-dos-semanas-de-convalecencia","status":"publish","type":"post","link":"https:\/\/stbnoticias.com\/index.php\/2025\/04\/07\/el-papa-reaparece-tras-dos-semanas-de-convalecencia\/","title":{"rendered":"El Papa reaparece tras dos semanas de convalecencia"},"content":{"rendered":"\n<p><em>Francisco se present\u00f3 en una silla de ruedas y recib\u00eda ox\u00edgeno a trav\u00e9s de c\u00e1nulas<\/em><\/p>\n\n\n\n<figure class=\"wp-block-image size-full\"><img loading=\"lazy\" decoding=\"async\" width=\"980\" height=\"653\" src=\"https:\/\/stbnoticias.com\/wp-content\/uploads\/2025\/04\/image-7.png\" alt=\"\" class=\"wp-image-10659\" srcset=\"https:\/\/stbnoticias.com\/wp-content\/uploads\/2025\/04\/image-7.png 980w, https:\/\/stbnoticias.com\/wp-content\/uploads\/2025\/04\/image-7-300x200.png 300w, https:\/\/stbnoticias.com\/wp-content\/uploads\/2025\/04\/image-7-768x512.png 768w\" sizes=\"auto, (max-width: 980px) 100vw, 980px\" \/><\/figure>\n\n\n\n<p>El papa Francisco volvi\u00f3 este domingo a presentarse en persona ante los fieles en la Plaza de San Pedro, tras dos semanas de convalecencia aislada en su residencia vaticana y 38 d\u00edas de hospital por sus problemas respiratorios.<\/p>\n\n\n\n<p>Francisco apareci\u00f3 por sorpresa llevado en la silla de ruedas que ya usaba en el pasado por sus problemas de movilidad y recibiendo ox\u00edgeno a trav\u00e9s de unas c\u00e1nulas nasales.<\/p>\n\n\n\n<p>\u201cBuen domingo a todos. Muchas gracias\u00bb, fueron sus breves palabras dedicadas a los miles de fieles que hab\u00edan asistido a la misa del Jubileo de los Enfermos.<\/p>\n\n\n\n<p>Esta cita, dedicada al mundo sanitario por el A\u00f1o Santo en curso, era especialmente esperada dado que el propio pont\u00edfice vive en sus carnes la enfermedad, aunque mejora poco a poco seg\u00fan la Santa Sede.<\/p>\n\n\n\n<p>Francisco, de 88 a\u00f1os, fue ingresado el 14 de febrero por una neumon\u00eda bilateral que lleg\u00f3 a amenazar su vida, aunque logr\u00f3 reponerse y salir del hospital 38 d\u00edas despu\u00e9s, el 23 de marzo, cuando se dej\u00f3 ver y escuchar brevemente en el balc\u00f3n del edificio.<\/p>\n\n\n\n<p>Desde entonces, hab\u00eda permanecido aislado llevando a cabo su terapia en la Casa Santa Marta del Vaticano.<\/p>\n\n\n\n<p><strong>EMOCI\u00d3N EN EL VATICANO<\/strong><\/p>\n\n\n\n<p>Hasta que este domingo sorprendi\u00f3 present\u00e1ndose ante los fieles, que le acogieron en una plaza soleada y primaveral con aplausos, emoci\u00f3n y gritos de \u201cviva el papa\u201d.<\/p>\n\n\n\n<p>Sin embargo, Francisco no pudo hablar demasiado ni tampoco darse un ba\u00f1o de masas, aunque s\u00ed pas\u00f3 entre un grupo de fieles, pues los m\u00e9dicos le han recomendado la m\u00e1xima prudencia y reposo.<\/p>\n\n\n\n<p>La Santa Sede inform\u00f3 despu\u00e9s de que, antes de su reaparici\u00f3n, el papa se ha confesado en la bas\u00edlica de San Pedro, ha orado y ha cruzado la \u2018Puerta Santa\u2019 jubilar.<\/p>\n\n\n\n<p>Esta eucarist\u00eda por el Jubileo de los Enfermos estuvo presidida por el arzobispo italiano Rino Fisichella, encargado de pronunciar un texto que el papa hab\u00eda preparado centr\u00e1ndose en la necesidad de no excluir a los enfermos o personas fr\u00e1giles de la sociedad.<\/p>\n\n\n\n<p><strong>\u201cNO ES F\u00c1CIL\u201d<\/strong><\/p>\n\n\n\n<p>\u201cQueridos hermanos y hermanas enfermos, en este momento de mi vida comparto mucho con ustedes: la experiencia de la enfermedad, de sentirnos d\u00e9biles, de depender de los dem\u00e1s para muchas cosas, de tener necesidad de apoyo. No es siempre f\u00e1cil, pero es una escuela en la que aprendemos cada d\u00eda a amar y a dejarnos amar\u201d, confes\u00f3.<\/p>\n\n\n\n<p>En el texto, aseguraba que \u201cla enfermedad es una de las pruebas m\u00e1s dif\u00edciles y duras de la vida\u201d pero que \u201cla habitaci\u00f3n del hospital y el lecho de la enfermedad pueden ser lugares donde se escuche la voz del Se\u00f1or\u201d.<\/p>\n\n\n\n<p><strong>EN GAZA<\/strong><\/p>\n\n\n\n<p>El papa Francisco denunci\u00f3 este domingo las \u201ccondiciones inimaginables\u201d que padece la poblaci\u00f3n en Gaza y llam\u00f3 a la paz en todo Oriente Medio, Ucrania, Sud\u00e1n y otros pa\u00edses, en un mensaje por el \u00c1ngelus dominical.<\/p>\n\n\n\n<p>Francisco, en plena convalecencia por sus problemas respiratorios, reapareci\u00f3 este domingo por sorpresa ante los fieles que asist\u00edan a la misa del Jubileo de los Enfermos, por primera vez desde que el 23 de marzo saliera del hospital tras 38 d\u00edas ingresado.<\/p>\n\n\n\n<p>\u201cSigamos rezando por la paz: en la martirizada Ucrania, golpeada por ataques que provocan muchas v\u00edctimas civiles, entre \u00e9stas muchos ni\u00f1os\u201d, empez\u00f3 en su mensaje dominical.<\/p>\n\n\n\n<p>Y agreg\u00f3: \u201cLo mismo ocurre en Gaza, donde la gente se ve obligada a vivir en condiciones inimaginables, sin techo, sin comida, sin agua potable. Que callen las armas y se reanude el di\u00e1logo; que se libere a todos los rehenes y se socorra a la poblaci\u00f3n\u201d.<\/p>\n\n\n\n<p>Francisco pidi\u00f3 rezar por la paz en todo Oriente Medio, en Sud\u00e1n y Sud\u00e1n del Sur, en la Rep\u00fablica Democr\u00e1tica del Congo, en Myanmar, \u201cduramente probada tambi\u00e9n por el terremoto\u201d, y en Hait\u00ed, \u00abdonde arrecia la violencia, que hace unos d\u00edas mat\u00f3 a dos religiosas\u00bb. EFE<\/p>\n\n\n\n<p><\/p>\n","protected":false},"excerpt":{"rendered":"<p>Francisco se present\u00f3 en una silla de ruedas y recib\u00eda ox\u00edgeno a trav\u00e9s de c\u00e1nulas El papa Francisco volvi\u00f3 este domingo a presentarse en persona ante los fieles en la Plaza de San Pedro, tras dos semanas de convalecencia aislada en su residencia vaticana y 38 d\u00edas de hospital por sus problemas respiratorios. Francisco apareci\u00f3 [&hellip;]<\/p>\n","protected":false},"author":1,"featured_media":10659,"comment_status":"closed","ping_status":"closed","sticky":false,"template":"","format":"standard","meta":{"fifu_image_url":"","fifu_image_alt":"","footnotes":""},"categories":[22,45],"tags":[],"class_list":["post-10658","post","type-post","status-publish","format-standard","has-post-thumbnail","hentry","category-bolivia","category-sociedad"],"_links":{"self":[{"href":"https:\/\/stbnoticias.com\/index.php\/wp-json\/wp\/v2\/posts\/10658","targetHints":{"allow":["GET"]}}],"collection":[{"href":"https:\/\/stbnoticias.com\/index.php\/wp-json\/wp\/v2\/posts"}],"about":[{"href":"https:\/\/stbnoticias.com\/index.php\/wp-json\/wp\/v2\/types\/post"}],"author":[{"embeddable":true,"href":"https:\/\/stbnoticias.com\/index.php\/wp-json\/wp\/v2\/users\/1"}],"replies":[{"embeddable":true,"href":"https:\/\/stbnoticias.com\/index.php\/wp-json\/wp\/v2\/comments?post=10658"}],"version-history":[{"count":1,"href":"https:\/\/stbnoticias.com\/index.php\/wp-json\/wp\/v2\/posts\/10658\/revisions"}],"predecessor-version":[{"id":10660,"href":"https:\/\/stbnoticias.com\/index.php\/wp-json\/wp\/v2\/posts\/10658\/revisions\/10660"}],"wp:featuredmedia":[{"embeddable":true,"href":"https:\/\/stbnoticias.com\/index.php\/wp-json\/wp\/v2\/media\/10659"}],"wp:attachment":[{"href":"https:\/\/stbnoticias.com\/index.php\/wp-json\/wp\/v2\/media?parent=10658"}],"wp:term":[{"taxonomy":"category","embeddable":true,"href":"https:\/\/stbnoticias.com\/index.php\/wp-json\/wp\/v2\/categories?post=10658"},{"taxonomy":"post_tag","embeddable":true,"href":"https:\/\/stbnoticias.com\/index.php\/wp-json\/wp\/v2\/tags?post=10658"}],"curies":[{"name":"wp","href":"https:\/\/api.w.org\/{rel}","templated":true}]}}