{"id":10668,"date":"2025-04-10T10:33:15","date_gmt":"2025-04-10T14:33:15","guid":{"rendered":"https:\/\/stbnoticias.com\/?p=10668"},"modified":"2025-04-10T10:33:16","modified_gmt":"2025-04-10T14:33:16","slug":"un-adolescente-de-16-mata-a-una-brasilena-de-36-en-su-primera-cita","status":"publish","type":"post","link":"https:\/\/stbnoticias.com\/index.php\/2025\/04\/10\/un-adolescente-de-16-mata-a-una-brasilena-de-36-en-su-primera-cita\/","title":{"rendered":"UN ADOLESCENTE DE 16 MATA A UNA BRASILE\u00d1A DE 36 EN SU PRIMERA CITA"},"content":{"rendered":"\n<p>En Santa Cruz, un adolescente de 16 a\u00f1os quit\u00f3 la vida a una ciudadana brasile\u00f1a. El cuerpo fue hallado en una habitaci\u00f3n del barrio Valle Azul. Seg\u00fan los detalles preliminares, el hecho sucedi\u00f3 en su primera cita.<\/p>\n\n\n\n<figure class=\"wp-block-image size-full\"><img loading=\"lazy\" decoding=\"async\" width=\"843\" height=\"534\" src=\"https:\/\/stbnoticias.com\/wp-content\/uploads\/2025\/04\/image-10.png\" alt=\"\" class=\"wp-image-10669\" srcset=\"https:\/\/stbnoticias.com\/wp-content\/uploads\/2025\/04\/image-10.png 843w, https:\/\/stbnoticias.com\/wp-content\/uploads\/2025\/04\/image-10-300x190.png 300w, https:\/\/stbnoticias.com\/wp-content\/uploads\/2025\/04\/image-10-768x486.png 768w\" sizes=\"auto, (max-width: 843px) 100vw, 843px\" \/><\/figure>\n\n\n\n<p>Jenife D. S. A. S., de 36 a\u00f1os, quien lleg\u00f3 desde Brasil hasta Santa Cruz para realizar tr\u00e1mites para salir de la carrera de Medicina, fue hallada sin vida con signos de violencia.<\/p>\n\n\n\n<p>\u00abElla viv\u00eda en Santa Cruz hace m\u00e1s o menos tres a\u00f1os. Lo conoci\u00f3 en la plaza, cuando estaba conmigo. El domingo fuimos a misa. Salimos de la iglesia y ah\u00ed conoci\u00f3 el chico, intercambiaron contactos, charlaron en la plaza, el chico estaba con su familia. El martes, \u00e9l la invit\u00f3 a salir al mall y de ah\u00ed encontramos a nuestra amiga muerta\u00bb, cont\u00f3 su amiga, Andresa Duarte.<\/p>\n\n\n\n<p>La Polic\u00eda realiz\u00f3 el levantamiento legal del cuerpo la tarde del mi\u00e9rcoles, 2 de abril, y el examen forense revel\u00f3 que falleci\u00f3 por asfixia mec\u00e1nica por sofocaci\u00f3n, con diagn\u00f3stico de anoxia an\u00f3xica y oclusi\u00f3n de orificios respiratorios.<\/p>\n\n\n\n<p>Seg\u00fan el relato, el adolescente habr\u00eda mentido sobre su edad y aparent\u00f3 tener m\u00e1s de 20 a\u00f1os para salir con la extranjera. Ahora, el sujeto fue enviado al Centro Nueva Vida Santa Cruz (Cenvicruz) con detenci\u00f3n preventiva por 45 d\u00edas imputado por el delito de presunto feminicidio contra la extranjera.<\/p>\n\n\n\n<p>Jenife deja dos hijos en la orfandad, uno de 13 y otro de 17 a\u00f1os de edad, quienes recibieron la noticia y reciben terapia psicol\u00f3gica.<\/p>\n","protected":false},"excerpt":{"rendered":"<p>En Santa Cruz, un adolescente de 16 a\u00f1os quit\u00f3 la vida a una ciudadana brasile\u00f1a. El cuerpo fue hallado en una habitaci\u00f3n del barrio Valle Azul. Seg\u00fan los detalles preliminares, el hecho sucedi\u00f3 en su primera cita. Jenife D. S. A. S., de 36 a\u00f1os, quien lleg\u00f3 desde Brasil hasta Santa Cruz para realizar tr\u00e1mites [&hellip;]<\/p>\n","protected":false},"author":1,"featured_media":10669,"comment_status":"closed","ping_status":"closed","sticky":false,"template":"","format":"standard","meta":{"fifu_image_url":"","fifu_image_alt":"","footnotes":""},"categories":[22,45],"tags":[],"class_list":["post-10668","post","type-post","status-publish","format-standard","has-post-thumbnail","hentry","category-bolivia","category-sociedad"],"_links":{"self":[{"href":"https:\/\/stbnoticias.com\/index.php\/wp-json\/wp\/v2\/posts\/10668","targetHints":{"allow":["GET"]}}],"collection":[{"href":"https:\/\/stbnoticias.com\/index.php\/wp-json\/wp\/v2\/posts"}],"about":[{"href":"https:\/\/stbnoticias.com\/index.php\/wp-json\/wp\/v2\/types\/post"}],"author":[{"embeddable":true,"href":"https:\/\/stbnoticias.com\/index.php\/wp-json\/wp\/v2\/users\/1"}],"replies":[{"embeddable":true,"href":"https:\/\/stbnoticias.com\/index.php\/wp-json\/wp\/v2\/comments?post=10668"}],"version-history":[{"count":1,"href":"https:\/\/stbnoticias.com\/index.php\/wp-json\/wp\/v2\/posts\/10668\/revisions"}],"predecessor-version":[{"id":10670,"href":"https:\/\/stbnoticias.com\/index.php\/wp-json\/wp\/v2\/posts\/10668\/revisions\/10670"}],"wp:featuredmedia":[{"embeddable":true,"href":"https:\/\/stbnoticias.com\/index.php\/wp-json\/wp\/v2\/media\/10669"}],"wp:attachment":[{"href":"https:\/\/stbnoticias.com\/index.php\/wp-json\/wp\/v2\/media?parent=10668"}],"wp:term":[{"taxonomy":"category","embeddable":true,"href":"https:\/\/stbnoticias.com\/index.php\/wp-json\/wp\/v2\/categories?post=10668"},{"taxonomy":"post_tag","embeddable":true,"href":"https:\/\/stbnoticias.com\/index.php\/wp-json\/wp\/v2\/tags?post=10668"}],"curies":[{"name":"wp","href":"https:\/\/api.w.org\/{rel}","templated":true}]}}