{"id":10672,"date":"2025-04-08T10:34:16","date_gmt":"2025-04-08T14:34:16","guid":{"rendered":"https:\/\/stbnoticias.com\/?p=10672"},"modified":"2025-04-10T10:34:25","modified_gmt":"2025-04-10T14:34:25","slug":"encuesta-del-bloque-de-unidad-inicio-este-sabado-a-las-8-00-hrs-revelo-samuel","status":"publish","type":"post","link":"https:\/\/stbnoticias.com\/index.php\/2025\/04\/08\/encuesta-del-bloque-de-unidad-inicio-este-sabado-a-las-8-00-hrs-revelo-samuel\/","title":{"rendered":"ENCUESTA DEL BLOQUE DE UNIDAD INICIO ESTE S\u00c1BADO A LAS 8.00 HRS REVEL\u00d3 SAMUEL"},"content":{"rendered":"\n<p>En su visita a Chonchocoro Samuel Doria Medina anunci\u00f3 que hoy s\u00e1bado se <a><\/a>inici\u00f3 la encuesta para definir el candidato presidencial del Bloque de Unidad.<\/p>\n\n\n\n<figure class=\"wp-block-image size-full\"><img loading=\"lazy\" decoding=\"async\" width=\"960\" height=\"540\" src=\"https:\/\/stbnoticias.com\/wp-content\/uploads\/2025\/04\/image-11.png\" alt=\"\" class=\"wp-image-10673\" srcset=\"https:\/\/stbnoticias.com\/wp-content\/uploads\/2025\/04\/image-11.png 960w, https:\/\/stbnoticias.com\/wp-content\/uploads\/2025\/04\/image-11-300x169.png 300w, https:\/\/stbnoticias.com\/wp-content\/uploads\/2025\/04\/image-11-768x432.png 768w\" sizes=\"auto, (max-width: 960px) 100vw, 960px\" \/><\/figure>\n\n\n\n<p>Adem\u00e1s, inform\u00f3 que la encuesta para definir al candidato que representar\u00e1 al partido en las pr\u00f3ximas elecciones presidenciales inici\u00f3 durante la ma\u00f1ana de este s\u00e1bado.<\/p>\n\n\n\n<p>Doria Medina se\u00f1al\u00f3 que los resultados ser\u00e1n dados a conocer a trav\u00e9s del vocero del Bloque de Unidad, Carlos Mesa, en los pr\u00f3ximos d\u00edas.<\/p>\n","protected":false},"excerpt":{"rendered":"<p>En su visita a Chonchocoro Samuel Doria Medina anunci\u00f3 que hoy s\u00e1bado se inici\u00f3 la encuesta para definir el candidato presidencial del Bloque de Unidad. Adem\u00e1s, inform\u00f3 que la encuesta para definir al candidato que representar\u00e1 al partido en las pr\u00f3ximas elecciones presidenciales inici\u00f3 durante la ma\u00f1ana de este s\u00e1bado. Doria Medina se\u00f1al\u00f3 que los [&hellip;]<\/p>\n","protected":false},"author":1,"featured_media":10673,"comment_status":"closed","ping_status":"closed","sticky":false,"template":"","format":"standard","meta":{"fifu_image_url":"","fifu_image_alt":"","footnotes":""},"categories":[22,30],"tags":[],"class_list":["post-10672","post","type-post","status-publish","format-standard","has-post-thumbnail","hentry","category-bolivia","category-politica"],"_links":{"self":[{"href":"https:\/\/stbnoticias.com\/index.php\/wp-json\/wp\/v2\/posts\/10672","targetHints":{"allow":["GET"]}}],"collection":[{"href":"https:\/\/stbnoticias.com\/index.php\/wp-json\/wp\/v2\/posts"}],"about":[{"href":"https:\/\/stbnoticias.com\/index.php\/wp-json\/wp\/v2\/types\/post"}],"author":[{"embeddable":true,"href":"https:\/\/stbnoticias.com\/index.php\/wp-json\/wp\/v2\/users\/1"}],"replies":[{"embeddable":true,"href":"https:\/\/stbnoticias.com\/index.php\/wp-json\/wp\/v2\/comments?post=10672"}],"version-history":[{"count":1,"href":"https:\/\/stbnoticias.com\/index.php\/wp-json\/wp\/v2\/posts\/10672\/revisions"}],"predecessor-version":[{"id":10674,"href":"https:\/\/stbnoticias.com\/index.php\/wp-json\/wp\/v2\/posts\/10672\/revisions\/10674"}],"wp:featuredmedia":[{"embeddable":true,"href":"https:\/\/stbnoticias.com\/index.php\/wp-json\/wp\/v2\/media\/10673"}],"wp:attachment":[{"href":"https:\/\/stbnoticias.com\/index.php\/wp-json\/wp\/v2\/media?parent=10672"}],"wp:term":[{"taxonomy":"category","embeddable":true,"href":"https:\/\/stbnoticias.com\/index.php\/wp-json\/wp\/v2\/categories?post=10672"},{"taxonomy":"post_tag","embeddable":true,"href":"https:\/\/stbnoticias.com\/index.php\/wp-json\/wp\/v2\/tags?post=10672"}],"curies":[{"name":"wp","href":"https:\/\/api.w.org\/{rel}","templated":true}]}}