{"id":10678,"date":"2025-04-04T10:37:27","date_gmt":"2025-04-04T14:37:27","guid":{"rendered":"https:\/\/stbnoticias.com\/?p=10678"},"modified":"2025-04-10T10:37:34","modified_gmt":"2025-04-10T14:37:34","slug":"andronico-lanza-un-dardo-a-evo-que-el-pueblo-juzgue-quien-traiciono-a-quien","status":"publish","type":"post","link":"https:\/\/stbnoticias.com\/index.php\/2025\/04\/04\/andronico-lanza-un-dardo-a-evo-que-el-pueblo-juzgue-quien-traiciono-a-quien\/","title":{"rendered":"ANDR\u00d3NICO LANZA UN DARDO A EVO: \u201cQUE EL PUEBLO JUZGUE, \u00bfQUI\u00c9N TRAICION\u00d3 A QUI\u00c9N?\u201d"},"content":{"rendered":"\n<p>El presidente del Senado, Andr\u00f3nico Rodr\u00edguez, afirm\u00f3 que buscan <a><\/a>desprestigiarlo desde el gobierno y lanz\u00f3 un duro dardo contra Evo Morales y sus afines quienes lo calificaron de traidor por no ser parte del \u00faltimo congreso evista.<\/p>\n\n\n\n<figure class=\"wp-block-image size-large\"><img loading=\"lazy\" decoding=\"async\" width=\"1024\" height=\"683\" src=\"https:\/\/stbnoticias.com\/wp-content\/uploads\/2025\/04\/image-13-1024x683.png\" alt=\"\" class=\"wp-image-10679\" srcset=\"https:\/\/stbnoticias.com\/wp-content\/uploads\/2025\/04\/image-13-1024x683.png 1024w, https:\/\/stbnoticias.com\/wp-content\/uploads\/2025\/04\/image-13-300x200.png 300w, https:\/\/stbnoticias.com\/wp-content\/uploads\/2025\/04\/image-13-768x512.png 768w, https:\/\/stbnoticias.com\/wp-content\/uploads\/2025\/04\/image-13-1536x1025.png 1536w, https:\/\/stbnoticias.com\/wp-content\/uploads\/2025\/04\/image-13.png 2048w\" sizes=\"auto, (max-width: 1024px) 100vw, 1024px\" \/><\/figure>\n\n\n\n<p>\u201cA partir del a\u00f1o 2022, el actual gobierno o el arcismo iniciaron una campa\u00f1a monumental de desprestigio hacia mi persona, utilizando medios estatales para tildarme de todo, al igual que el gobierno de facto\u201d, public\u00f3 Rodr\u00edguez en sus redes sociales.<\/p>\n\n\n\n<p>En las \u00faltimas horas, seguidores de Evo Morales lanzaron fuertes cr\u00edticas contra Andr\u00f3nico y lo tacharon de traidor por no ser parte del congreso evismo que se desarroll\u00f3 este fin de semana. Rodr\u00edguez sali\u00f3 al paso y dijo: \u201cahora se suman incluso aquellos que dicen ser compa\u00f1eros y hermanos, con su incesante e infundado desprestigio\u201d<\/p>\n\n\n\n<p>El presidente del Senado finaliz\u00f3 con un fuerte mensaje y un dardo a Evo Morales y sus aliados: \u201cQue el pueblo sea quien juzgue: \u00bfQui\u00e9n traicion\u00f3 a qui\u00e9n? \u00bfQui\u00e9n cometi\u00f3 el error al elegir al actual presidente, llevando al pa\u00eds a esta delicada situaci\u00f3n? Hoy, \u00bfQui\u00e9nes son responsables de la divisi\u00f3n? \u00bfQui\u00e9n est\u00e1 en el camino equivocado?\u201d<\/p>\n\n\n\n<p>Andr\u00f3nico Rodr\u00edguez viene siendo apoyado por una facci\u00f3n evista que busca proclamarse como candidato presidencial frente a fieles evismistas que no ven a otro m\u00e1s que Evo como posible competidor por la silla presidencial el pr\u00f3ximo 17 de agosto.<\/p>\n\n\n\n<p><a href=\"https:\/\/www.facebook.com\/photo\/?fbid=967591382161547&amp;set=a.406017688318922&amp;__cft__[0]=AZWiZvgNon4srzxSHF1KDTsPz9k5fIdiYb-baEDMwIuqyfVymxWPzmyF2LghpUgCX0kXvxdJ_pVKobN79N2z_ftLYHc37DHO1SXlubzw4cP5bNlRLocIhtCc9r63lR3S4OlqHebz9LbSKE2uHsvls0HFCE2yP4S3IgsTOy1flfKLeva4sfHmEahLrQGTENLaskQ&amp;__tn__=EH-R\"><\/a><\/p>\n\n\n\n<figure class=\"wp-block-image\"><a href=\"https:\/\/www.facebook.com\/photo\/?fbid=967591382161547&amp;set=a.406017688318922&amp;__cft__[0]=AZWiZvgNon4srzxSHF1KDTsPz9k5fIdiYb-baEDMwIuqyfVymxWPzmyF2LghpUgCX0kXvxdJ_pVKobN79N2z_ftLYHc37DHO1SXlubzw4cP5bNlRLocIhtCc9r63lR3S4OlqHebz9LbSKE2uHsvls0HFCE2yP4S3IgsTOy1flfKLeva4sfHmEahLrQGTENLaskQ&amp;__tn__=EH-R\"><img decoding=\"async\" src=\"https:\/\/scontent.flpb1-1.fna.fbcdn.net\/v\/t39.30808-6\/487875454_967591385494880_9113141096417501327_n.jpg?stp=cp6_dst-jpg_p180x540_tt6&amp;_nc_cat=106&amp;ccb=1-7&amp;_nc_sid=127cfc&amp;_nc_ohc=3fiVkv7JR7QQ7kNvwHbz4k7&amp;_nc_oc=AdnicB0cDk2XD3D_KS9NCxnSAvei_BMrPQu9lwu1l0zmYRFnJhxnF1hfqDZCb6TOeUg&amp;_nc_zt=23&amp;_nc_ht=scontent.flpb1-1.fna&amp;_nc_gid=CB1rt2qzW5drqubiBgaMmQ&amp;oh=00_AfH7oN-JK2hRE0-tWtKBSi45gXytrMZz6XHKvOywUTvq1Q&amp;oe=67FDA70C\" alt=\"Puede ser una imagen de 3 personas\"\/><\/a><\/figure>\n\n\n\n\n\n<p>Todas las reacciones:<\/p>\n\n\n\n<p>66<\/p>\n","protected":false},"excerpt":{"rendered":"<p>El presidente del Senado, Andr\u00f3nico Rodr\u00edguez, afirm\u00f3 que buscan desprestigiarlo desde el gobierno y lanz\u00f3 un duro dardo contra Evo Morales y sus afines quienes lo calificaron de traidor por no ser parte del \u00faltimo congreso evista. \u201cA partir del a\u00f1o 2022, el actual gobierno o el arcismo iniciaron una campa\u00f1a monumental de desprestigio hacia [&hellip;]<\/p>\n","protected":false},"author":1,"featured_media":10679,"comment_status":"closed","ping_status":"closed","sticky":false,"template":"","format":"standard","meta":{"fifu_image_url":"","fifu_image_alt":"","footnotes":""},"categories":[30],"tags":[],"class_list":["post-10678","post","type-post","status-publish","format-standard","has-post-thumbnail","hentry","category-politica"],"_links":{"self":[{"href":"https:\/\/stbnoticias.com\/index.php\/wp-json\/wp\/v2\/posts\/10678","targetHints":{"allow":["GET"]}}],"collection":[{"href":"https:\/\/stbnoticias.com\/index.php\/wp-json\/wp\/v2\/posts"}],"about":[{"href":"https:\/\/stbnoticias.com\/index.php\/wp-json\/wp\/v2\/types\/post"}],"author":[{"embeddable":true,"href":"https:\/\/stbnoticias.com\/index.php\/wp-json\/wp\/v2\/users\/1"}],"replies":[{"embeddable":true,"href":"https:\/\/stbnoticias.com\/index.php\/wp-json\/wp\/v2\/comments?post=10678"}],"version-history":[{"count":1,"href":"https:\/\/stbnoticias.com\/index.php\/wp-json\/wp\/v2\/posts\/10678\/revisions"}],"predecessor-version":[{"id":10680,"href":"https:\/\/stbnoticias.com\/index.php\/wp-json\/wp\/v2\/posts\/10678\/revisions\/10680"}],"wp:featuredmedia":[{"embeddable":true,"href":"https:\/\/stbnoticias.com\/index.php\/wp-json\/wp\/v2\/media\/10679"}],"wp:attachment":[{"href":"https:\/\/stbnoticias.com\/index.php\/wp-json\/wp\/v2\/media?parent=10678"}],"wp:term":[{"taxonomy":"category","embeddable":true,"href":"https:\/\/stbnoticias.com\/index.php\/wp-json\/wp\/v2\/categories?post=10678"},{"taxonomy":"post_tag","embeddable":true,"href":"https:\/\/stbnoticias.com\/index.php\/wp-json\/wp\/v2\/tags?post=10678"}],"curies":[{"name":"wp","href":"https:\/\/api.w.org\/{rel}","templated":true}]}}