{"id":10681,"date":"2025-04-10T10:46:01","date_gmt":"2025-04-10T14:46:01","guid":{"rendered":"https:\/\/stbnoticias.com\/?p=10681"},"modified":"2025-04-10T10:46:02","modified_gmt":"2025-04-10T14:46:02","slug":"secuestran-278-celulares-laptops-y-camaras-fotograficas-en-una-vivienda-de-el-alto","status":"publish","type":"post","link":"https:\/\/stbnoticias.com\/index.php\/2025\/04\/10\/secuestran-278-celulares-laptops-y-camaras-fotograficas-en-una-vivienda-de-el-alto\/","title":{"rendered":"Secuestran 278 celulares, laptops y c\u00e1maras fotogr\u00e1ficas en una vivienda de El Alto"},"content":{"rendered":"\n<p>La FELCC explic\u00f3 que el aprehendido desbloqueaba los celulares IPhone para impedir que suenen remotamente, adem\u00e1s de no poder ser identificados por los sistemas telef\u00f3nicos.La Fuerza Especial de Lucha Contra el Crimen (FELCC) secuestr\u00f3 este mi\u00e9rcoles 278 celulares, laptops y c\u00e1maras fotogr\u00e1ficas en una vivienda de la zona 12 de Octubre, en El Alto, por lo que se aprehendi\u00f3 a una persona que operaba con el bloqueo de tel\u00e9fonos para que no sean rastreados.<\/p>\n\n\n\n<figure class=\"wp-block-image size-full\"><img loading=\"lazy\" decoding=\"async\" width=\"771\" height=\"435\" src=\"https:\/\/stbnoticias.com\/wp-content\/uploads\/2025\/04\/image-14.png\" alt=\"\" class=\"wp-image-10683\" srcset=\"https:\/\/stbnoticias.com\/wp-content\/uploads\/2025\/04\/image-14.png 771w, https:\/\/stbnoticias.com\/wp-content\/uploads\/2025\/04\/image-14-300x169.png 300w, https:\/\/stbnoticias.com\/wp-content\/uploads\/2025\/04\/image-14-768x433.png 768w\" sizes=\"auto, (max-width: 771px) 100vw, 771px\" \/><\/figure>\n\n\n\n<p>\u201cHemos podido realizar el secuestro de 233 celulares iPhone, entre la calidad 12 y 16, pero tambi\u00e9n hemos podido encontrar 45 tel\u00e9fonos Android, 8 laptops o computadoras, y se secuestr\u00f3 c\u00e1maras fotogr\u00e1ficas\u201d, inform\u00f3 Walter Sosa, director nacional de la FELCC.Explic\u00f3 que el aprehendido, identificado como Jorge A., realizaba el desbloqueo de los celulares IPhone para impedir que suenen remotamente, adem\u00e1s de no poder ser identificados por los sistemas telef\u00f3nicos de las empresas.<\/p>\n\n\n\n<p>\u201cLo que estamos realizando es la investigaci\u00f3n de estos tel\u00e9fonos, si es que son a causa de robos agravados, atracos o alg\u00fan hecho delictivo. No ha sabido responder de d\u00f3nde obtuvo estos celulares; en consecuencia, presumimos que pueden ser obtenidos de una actividad criminal\u201d, dijo Sosa en entrevista con BTV.Remarc\u00f3 que las investigaciones continuar\u00e1n y que las personas que sufrieron alg\u00fan robo de celular podr\u00e1n aproximarse a dependencias de la FELCC para recuperar su celular con una factura, la caja del celular o una prueba que verifique que es de su propiedad.<\/p>\n","protected":false},"excerpt":{"rendered":"<p>La FELCC explic\u00f3 que el aprehendido desbloqueaba los celulares IPhone para impedir que suenen remotamente, adem\u00e1s de no poder ser identificados por los sistemas telef\u00f3nicos.La Fuerza Especial de Lucha Contra el Crimen (FELCC) secuestr\u00f3 este mi\u00e9rcoles 278 celulares, laptops y c\u00e1maras fotogr\u00e1ficas en una vivienda de la zona 12 de Octubre, en El Alto, por [&hellip;]<\/p>\n","protected":false},"author":1,"featured_media":10683,"comment_status":"closed","ping_status":"closed","sticky":false,"template":"","format":"standard","meta":{"fifu_image_url":"","fifu_image_alt":"","footnotes":""},"categories":[40,35,1],"tags":[],"class_list":["post-10681","post","type-post","status-publish","format-standard","has-post-thumbnail","hentry","category-el-alto","category-la-paz","category-sin-categoria"],"_links":{"self":[{"href":"https:\/\/stbnoticias.com\/index.php\/wp-json\/wp\/v2\/posts\/10681","targetHints":{"allow":["GET"]}}],"collection":[{"href":"https:\/\/stbnoticias.com\/index.php\/wp-json\/wp\/v2\/posts"}],"about":[{"href":"https:\/\/stbnoticias.com\/index.php\/wp-json\/wp\/v2\/types\/post"}],"author":[{"embeddable":true,"href":"https:\/\/stbnoticias.com\/index.php\/wp-json\/wp\/v2\/users\/1"}],"replies":[{"embeddable":true,"href":"https:\/\/stbnoticias.com\/index.php\/wp-json\/wp\/v2\/comments?post=10681"}],"version-history":[{"count":2,"href":"https:\/\/stbnoticias.com\/index.php\/wp-json\/wp\/v2\/posts\/10681\/revisions"}],"predecessor-version":[{"id":10684,"href":"https:\/\/stbnoticias.com\/index.php\/wp-json\/wp\/v2\/posts\/10681\/revisions\/10684"}],"wp:featuredmedia":[{"embeddable":true,"href":"https:\/\/stbnoticias.com\/index.php\/wp-json\/wp\/v2\/media\/10683"}],"wp:attachment":[{"href":"https:\/\/stbnoticias.com\/index.php\/wp-json\/wp\/v2\/media?parent=10681"}],"wp:term":[{"taxonomy":"category","embeddable":true,"href":"https:\/\/stbnoticias.com\/index.php\/wp-json\/wp\/v2\/categories?post=10681"},{"taxonomy":"post_tag","embeddable":true,"href":"https:\/\/stbnoticias.com\/index.php\/wp-json\/wp\/v2\/tags?post=10681"}],"curies":[{"name":"wp","href":"https:\/\/api.w.org\/{rel}","templated":true}]}}