{"id":10685,"date":"2025-04-11T20:40:42","date_gmt":"2025-04-12T00:40:42","guid":{"rendered":"https:\/\/stbnoticias.com\/?p=10685"},"modified":"2025-04-11T20:40:45","modified_gmt":"2025-04-12T00:40:45","slug":"otro-desplante-al-evismo-andronico-se-ausentara-de-reunion-clave-convocada-por-evo","status":"publish","type":"post","link":"https:\/\/stbnoticias.com\/index.php\/2025\/04\/11\/otro-desplante-al-evismo-andronico-se-ausentara-de-reunion-clave-convocada-por-evo\/","title":{"rendered":"\u00bfOtro desplante al evismo? Andr\u00f3nico se ausentar\u00e1 de reuni\u00f3n clave convocada por Evo"},"content":{"rendered":"\n<p>El presidente de la C\u00e1mara de Senadores, Andr\u00f3nico Rodr\u00edguez, se encuentra en un viaje pol\u00edtico en Madrid, Espa\u00f1a, y se descart\u00f3 su presencia este domingo en la reuni\u00f3n de emergencia convocada por Evo Morales en el Tr\u00f3pico de Cochabamba, seg\u00fan confirmaron desde el evismo.<\/p>\n\n\n\n<figure class=\"wp-block-image size-large\"><img loading=\"lazy\" decoding=\"async\" width=\"1024\" height=\"869\" src=\"https:\/\/stbnoticias.com\/wp-content\/uploads\/2025\/04\/1_12_0-1024x869.jpeg\" alt=\"\" class=\"wp-image-10686\" srcset=\"https:\/\/stbnoticias.com\/wp-content\/uploads\/2025\/04\/1_12_0-1024x869.jpeg 1024w, https:\/\/stbnoticias.com\/wp-content\/uploads\/2025\/04\/1_12_0-300x255.jpeg 300w, https:\/\/stbnoticias.com\/wp-content\/uploads\/2025\/04\/1_12_0-768x652.jpeg 768w, https:\/\/stbnoticias.com\/wp-content\/uploads\/2025\/04\/1_12_0.jpeg 1373w\" sizes=\"auto, (max-width: 1024px) 100vw, 1024px\" \/><\/figure>\n\n\n\n<p>\u201cEl senador no se encuentra en Bolivia. Tengo conocimiento de que su retorno ser\u00e1 el d\u00eda lunes, por lo tanto, es dif\u00edcil que pueda asistir por esta situaci\u00f3n\u201d, declar\u00f3 la senadora evista Lucy Escobar a Urgente.bo.&nbsp;&nbsp;<\/p>\n\n\n\n<p>Este jueves, mediante una carta que circula en redes sociales, se conoci\u00f3 que el expresidente y l\u00edder cocalero Evo Morales, en su calidad de presidente de la Coordinadora de las Seis Federaciones del Tr\u00f3pico de Cochabamba, convoc\u00f3 a Rodr\u00edguez a una reuni\u00f3n de emergencia que se desarrollar\u00e1 este domingo en Lauca \u00d1.<\/p>\n\n\n\n<p>Sin embargo, Andr\u00f3nico se encuentra en suelo espa\u00f1ol donde participa en la Asamblea Ciudadana Estatal organizada por el partido pol\u00edtico espa\u00f1ol Podemos. \u201cReafirmamos nuestro compromiso con una agenda de derechos y transformaci\u00f3n social, desde una mirada compartida entre nuestros pueblos\u201d, se\u00f1al\u00f3 Rodr\u00edguez en sus redes sociales.<\/p>\n\n\n\n<p>Escobar se\u00f1al\u00f3 que, pese a la confirmada ausencia de Andr\u00f3nico, la reuni\u00f3n se llevar\u00e1 a cabo y se abordar\u00e1 el tema de la sigla con la que el evismo busca participar en las elecciones nacionales, luego de que el Frente Para la Victoria decidiera separarse de Evo.<\/p>\n\n\n\n<p>\u201cLa mayor\u00eda de las federaciones del Tr\u00f3pico estar\u00e1n presentes, la reuni\u00f3n deber\u00eda desarrollarse y cualquier decisi\u00f3n que se tome debe ser acatada. El hermano Andr\u00f3nico no ten\u00eda planificado este viaje, fue repentino, por eso se produjo este cruce, pero en la pr\u00f3xima reuni\u00f3n estar\u00e1 participando\u201d, afirm\u00f3 la legisladora.<\/p>\n\n\n\n<p>Esta ser\u00eda la segunda no asistencia de Andr\u00f3nico a una reuni\u00f3n del evismo. El titular del Senado ya falt\u00f3 al congreso evista que se desarroll\u00f3 hace semanas y esto gener\u00f3 el rechazo de pol\u00edticos afines a Evo que lo tildaron de \u201ctraidor\u201d ante proclamaciones de Andr\u00f3nico que buscan impulsarlo como candidato a las elecciones nacionales del 17 de agosto.<\/p>\n","protected":false},"excerpt":{"rendered":"<p>El presidente de la C\u00e1mara de Senadores, Andr\u00f3nico Rodr\u00edguez, se encuentra en un viaje pol\u00edtico en Madrid, Espa\u00f1a, y se descart\u00f3 su presencia este domingo en la reuni\u00f3n de emergencia convocada por Evo Morales en el Tr\u00f3pico de Cochabamba, seg\u00fan confirmaron desde el evismo. \u201cEl senador no se encuentra en Bolivia. Tengo conocimiento de que [&hellip;]<\/p>\n","protected":false},"author":1,"featured_media":10686,"comment_status":"closed","ping_status":"closed","sticky":false,"template":"","format":"standard","meta":{"fifu_image_url":"","fifu_image_alt":"","footnotes":""},"categories":[57],"tags":[],"class_list":["post-10685","post","type-post","status-publish","format-standard","has-post-thumbnail","hentry","category-coyuntura"],"_links":{"self":[{"href":"https:\/\/stbnoticias.com\/index.php\/wp-json\/wp\/v2\/posts\/10685","targetHints":{"allow":["GET"]}}],"collection":[{"href":"https:\/\/stbnoticias.com\/index.php\/wp-json\/wp\/v2\/posts"}],"about":[{"href":"https:\/\/stbnoticias.com\/index.php\/wp-json\/wp\/v2\/types\/post"}],"author":[{"embeddable":true,"href":"https:\/\/stbnoticias.com\/index.php\/wp-json\/wp\/v2\/users\/1"}],"replies":[{"embeddable":true,"href":"https:\/\/stbnoticias.com\/index.php\/wp-json\/wp\/v2\/comments?post=10685"}],"version-history":[{"count":1,"href":"https:\/\/stbnoticias.com\/index.php\/wp-json\/wp\/v2\/posts\/10685\/revisions"}],"predecessor-version":[{"id":10687,"href":"https:\/\/stbnoticias.com\/index.php\/wp-json\/wp\/v2\/posts\/10685\/revisions\/10687"}],"wp:featuredmedia":[{"embeddable":true,"href":"https:\/\/stbnoticias.com\/index.php\/wp-json\/wp\/v2\/media\/10686"}],"wp:attachment":[{"href":"https:\/\/stbnoticias.com\/index.php\/wp-json\/wp\/v2\/media?parent=10685"}],"wp:term":[{"taxonomy":"category","embeddable":true,"href":"https:\/\/stbnoticias.com\/index.php\/wp-json\/wp\/v2\/categories?post=10685"},{"taxonomy":"post_tag","embeddable":true,"href":"https:\/\/stbnoticias.com\/index.php\/wp-json\/wp\/v2\/tags?post=10685"}],"curies":[{"name":"wp","href":"https:\/\/api.w.org\/{rel}","templated":true}]}}