{"id":10693,"date":"2025-04-14T10:44:50","date_gmt":"2025-04-14T14:44:50","guid":{"rendered":"https:\/\/stbnoticias.com\/?p=10693"},"modified":"2025-04-14T10:44:51","modified_gmt":"2025-04-14T14:44:51","slug":"evo-incomodo-con-sombra-de-andronico-quiere-obligarlo-a-no-ser-candidato-a-traves-de-las-6-federaciones","status":"publish","type":"post","link":"https:\/\/stbnoticias.com\/index.php\/2025\/04\/14\/evo-incomodo-con-sombra-de-andronico-quiere-obligarlo-a-no-ser-candidato-a-traves-de-las-6-federaciones\/","title":{"rendered":"EVO INC\u00d3MODO CON SOMBRA DE ANDR\u00d3NICO, QUIERE OBLIGARLO A NO SER CANDIDATO A TRAV\u00c9S DE LAS 6 FEDERACIONES"},"content":{"rendered":"\n<p>En el ampliado que se realiz\u00f3 este domingo en el Lauca a la cabeza de Evo Morales con los dirigentes de las seis federaciones del Tr\u00f3pico y con la ausencia de Andr\u00f3nico Rodr\u00edguez se determin\u00f3, que los dirigentes nacionales, regionales que formen parte de su estructura org\u00e1nica de las seis federaciones \u201cno ser\u00e1n candidatos presidenciales\u201d para las elecciones del 17 de agosto 2025 y convocan a un nuevo ampliado nacional para la elaboraci\u00f3n del programa de gobierno del instrumento Pol\u00edtico \u201cEvo Pueblo\u201d se realizar\u00e1 el d\u00eda domingo 27 de abril, ratifican marcha para el 16 de mayo en el departamento de La Paz para inscribir candidatura de Evo Morales.<\/p>\n\n\n\n<figure class=\"wp-block-image size-full\"><img loading=\"lazy\" decoding=\"async\" width=\"692\" height=\"317\" src=\"https:\/\/stbnoticias.com\/wp-content\/uploads\/2025\/04\/image-18.png\" alt=\"\" class=\"wp-image-10694\" srcset=\"https:\/\/stbnoticias.com\/wp-content\/uploads\/2025\/04\/image-18.png 692w, https:\/\/stbnoticias.com\/wp-content\/uploads\/2025\/04\/image-18-300x137.png 300w\" sizes=\"auto, (max-width: 692px) 100vw, 692px\" \/><\/figure>\n","protected":false},"excerpt":{"rendered":"<p>En el ampliado que se realiz\u00f3 este domingo en el Lauca a la cabeza de Evo Morales con los dirigentes de las seis federaciones del Tr\u00f3pico y con la ausencia de Andr\u00f3nico Rodr\u00edguez se determin\u00f3, que los dirigentes nacionales, regionales que formen parte de su estructura org\u00e1nica de las seis federaciones \u201cno ser\u00e1n candidatos presidenciales\u201d [&hellip;]<\/p>\n","protected":false},"author":1,"featured_media":10694,"comment_status":"closed","ping_status":"closed","sticky":false,"template":"","format":"standard","meta":{"fifu_image_url":"","fifu_image_alt":"","footnotes":""},"categories":[30],"tags":[],"class_list":["post-10693","post","type-post","status-publish","format-standard","has-post-thumbnail","hentry","category-politica"],"_links":{"self":[{"href":"https:\/\/stbnoticias.com\/index.php\/wp-json\/wp\/v2\/posts\/10693","targetHints":{"allow":["GET"]}}],"collection":[{"href":"https:\/\/stbnoticias.com\/index.php\/wp-json\/wp\/v2\/posts"}],"about":[{"href":"https:\/\/stbnoticias.com\/index.php\/wp-json\/wp\/v2\/types\/post"}],"author":[{"embeddable":true,"href":"https:\/\/stbnoticias.com\/index.php\/wp-json\/wp\/v2\/users\/1"}],"replies":[{"embeddable":true,"href":"https:\/\/stbnoticias.com\/index.php\/wp-json\/wp\/v2\/comments?post=10693"}],"version-history":[{"count":1,"href":"https:\/\/stbnoticias.com\/index.php\/wp-json\/wp\/v2\/posts\/10693\/revisions"}],"predecessor-version":[{"id":10695,"href":"https:\/\/stbnoticias.com\/index.php\/wp-json\/wp\/v2\/posts\/10693\/revisions\/10695"}],"wp:featuredmedia":[{"embeddable":true,"href":"https:\/\/stbnoticias.com\/index.php\/wp-json\/wp\/v2\/media\/10694"}],"wp:attachment":[{"href":"https:\/\/stbnoticias.com\/index.php\/wp-json\/wp\/v2\/media?parent=10693"}],"wp:term":[{"taxonomy":"category","embeddable":true,"href":"https:\/\/stbnoticias.com\/index.php\/wp-json\/wp\/v2\/categories?post=10693"},{"taxonomy":"post_tag","embeddable":true,"href":"https:\/\/stbnoticias.com\/index.php\/wp-json\/wp\/v2\/tags?post=10693"}],"curies":[{"name":"wp","href":"https:\/\/api.w.org\/{rel}","templated":true}]}}