{"id":10696,"date":"2025-04-16T09:16:56","date_gmt":"2025-04-16T13:16:56","guid":{"rendered":"https:\/\/stbnoticias.com\/?p=10696"},"modified":"2025-04-16T09:23:37","modified_gmt":"2025-04-16T13:23:37","slug":"excomandante-del-ejercito-juan-jose-zuniga-desconoce-agabinete-de-ministros-difundido-en-el-documental-en-el-proceso","status":"publish","type":"post","link":"https:\/\/stbnoticias.com\/index.php\/2025\/04\/16\/excomandante-del-ejercito-juan-jose-zuniga-desconoce-agabinete-de-ministros-difundido-en-el-documental-en-el-proceso\/","title":{"rendered":"EXCOMANDANTE DEL EJ\u00c9RCITO JUAN JOS\u00c9 ZU\u00d1IGA, DESCONOCE A(GABINETE) DE MINISTROS DIFUNDIDO EN EL DOCUMENTAL EN EL PROCESO."},"content":{"rendered":"\n<p><strong>NO CONOZCO A NING\u00daN GABINETE DE MINISTROS QUE ASUMIR\u00cdA, DESPU\u00c9S DEL SUPUESTO GOLPE SOLO ES LA IMAGINACI\u00d3N DE LUIS ARCE CATACORA.<\/strong> <\/p>\n\n\n<div class=\"wp-block-image\">\n<figure class=\"aligncenter size-full is-resized\"><img loading=\"lazy\" decoding=\"async\" width=\"300\" height=\"169\" src=\"https:\/\/stbnoticias.com\/wp-content\/uploads\/2025\/04\/image-19.png\" alt=\"\" class=\"wp-image-10697\" style=\"width:500px;height:auto\"\/><\/figure>\n<\/div>\n\n\n<p>\u201cMi cliente ha quedado sorprendido cuando le transmit\u00ed los antecedentes del documental (presentado por el Gobierno el jueves pasado), porque no conoce a ninguna de las personas relacionadas con ese supuesto gabinete imaginario (creado) por parte de Luis Arce\u201d, expres\u00f3 Silvia Tapia, abogada del general Juan Jos\u00e9 Z\u00fa\u00f1iga, principal acusado de la asonada militar del 26 de junio de 2024, a los medios de comunicaci\u00f3n.<\/p>\n\n\n\n<figure class=\"wp-block-image alignwide size-full\"><img loading=\"lazy\" decoding=\"async\" width=\"593\" height=\"395\" src=\"https:\/\/stbnoticias.com\/wp-content\/uploads\/2025\/04\/image-20.png\" alt=\"\" class=\"wp-image-10698\" srcset=\"https:\/\/stbnoticias.com\/wp-content\/uploads\/2025\/04\/image-20.png 593w, https:\/\/stbnoticias.com\/wp-content\/uploads\/2025\/04\/image-20-300x200.png 300w\" sizes=\"auto, (max-width: 593px) 100vw, 593px\" \/><\/figure>\n\n\n\n<p>Tapia asever\u00f3 que su cliente \u201cqued\u00f3 sorprendido\u201d al conocer la lista de nombres que conformar\u00edan un supuesto gabinete ministerial que se instalar\u00eda en un presunto nuevo gobierno.<\/p>\n\n\n\n<p>\u201cMi cliente nunca mencion\u00f3 a ese supuesto gabinete, porque mi defendido nunca ha planeado un golpe de Estado; si nunca plane\u00f3 un golpe, tampoco ten\u00eda un gabinete planeado\u201d, sostuvo la abogada.<\/p>\n\n\n\n<p>A\u00f1adi\u00f3 que \u201cescuch\u00f3 sus nombres a trav\u00e9s de redes, pero nunca ha tenido una relaci\u00f3n, amistad o acercamiento con ninguna de las personas que ahora est\u00e1n involucradas en esta persecuci\u00f3n pol\u00edtica por parte del Gobierno\u201d.<\/p>\n\n\n\n<p>El audiovisual presentado por el ministro de Gobierno, Eduardo del Castillo, mostr\u00f3 el supuesto nuevo gabinete que el excomadante Z\u00fa\u00f1iga presuntamente planeaba instaurar en su gobierno.<\/p>\n\n\n\n<p>Entre estos aprehendidos estaba el abogado Jorge Valda, que luego de su audiencia cautelar fue liberado.<\/p>\n\n\n\n<p>Ahora hay dos detenidos y dos se pusieron a buen recaudo para evitar la detenci\u00f3n.<\/p>\n\n\n\n<p>Uno de ellos es el analista Jaime Dunn y el otro el diputado Richard Ribera.<\/p>\n\n\n\n<p>Ribera public\u00f3 un video a trav\u00e9s de sus redes sociales asegurando que \u00e9l \u201cse presentar\u00e1 por voluntad propia ante la Fiscal\u00eda, si antes no lo detienen\u201d.<\/p>\n\n\n\n<p>\u201cDicen que estoy pr\u00f3fugo. Quiero informar que mi persona deber\u00eda tener una orden para que yo pueda tener lugar y hora y presentarme ante las autoridades, pero no es as\u00ed, lo que hay es una orden de aprehensi\u00f3n que desconozco porque no he sido notificado\u201d, manifest\u00f3.<\/p>\n","protected":false},"excerpt":{"rendered":"<p>NO CONOZCO A NING\u00daN GABINETE DE MINISTROS QUE ASUMIR\u00cdA, DESPU\u00c9S DEL SUPUESTO GOLPE SOLO ES LA IMAGINACI\u00d3N DE LUIS ARCE CATACORA. \u201cMi cliente ha quedado sorprendido cuando le transmit\u00ed los antecedentes del documental (presentado por el Gobierno el jueves pasado), porque no conoce a ninguna de las personas relacionadas con ese supuesto gabinete imaginario (creado) [&hellip;]<\/p>\n","protected":false},"author":1,"featured_media":10698,"comment_status":"closed","ping_status":"closed","sticky":false,"template":"","format":"standard","meta":{"fifu_image_url":"","fifu_image_alt":"","footnotes":""},"categories":[22,30],"tags":[],"class_list":["post-10696","post","type-post","status-publish","format-standard","has-post-thumbnail","hentry","category-bolivia","category-politica"],"_links":{"self":[{"href":"https:\/\/stbnoticias.com\/index.php\/wp-json\/wp\/v2\/posts\/10696","targetHints":{"allow":["GET"]}}],"collection":[{"href":"https:\/\/stbnoticias.com\/index.php\/wp-json\/wp\/v2\/posts"}],"about":[{"href":"https:\/\/stbnoticias.com\/index.php\/wp-json\/wp\/v2\/types\/post"}],"author":[{"embeddable":true,"href":"https:\/\/stbnoticias.com\/index.php\/wp-json\/wp\/v2\/users\/1"}],"replies":[{"embeddable":true,"href":"https:\/\/stbnoticias.com\/index.php\/wp-json\/wp\/v2\/comments?post=10696"}],"version-history":[{"count":2,"href":"https:\/\/stbnoticias.com\/index.php\/wp-json\/wp\/v2\/posts\/10696\/revisions"}],"predecessor-version":[{"id":10700,"href":"https:\/\/stbnoticias.com\/index.php\/wp-json\/wp\/v2\/posts\/10696\/revisions\/10700"}],"wp:featuredmedia":[{"embeddable":true,"href":"https:\/\/stbnoticias.com\/index.php\/wp-json\/wp\/v2\/media\/10698"}],"wp:attachment":[{"href":"https:\/\/stbnoticias.com\/index.php\/wp-json\/wp\/v2\/media?parent=10696"}],"wp:term":[{"taxonomy":"category","embeddable":true,"href":"https:\/\/stbnoticias.com\/index.php\/wp-json\/wp\/v2\/categories?post=10696"},{"taxonomy":"post_tag","embeddable":true,"href":"https:\/\/stbnoticias.com\/index.php\/wp-json\/wp\/v2\/tags?post=10696"}],"curies":[{"name":"wp","href":"https:\/\/api.w.org\/{rel}","templated":true}]}}