{"id":10702,"date":"2025-04-16T16:28:24","date_gmt":"2025-04-16T20:28:24","guid":{"rendered":"https:\/\/stbnoticias.com\/?p=10702"},"modified":"2025-04-16T16:28:24","modified_gmt":"2025-04-16T20:28:24","slug":"mi-hijo-es-inocente-diez-personas-le-brincaron-dice-el-padre-del-acusado-de-asesinato-en-sopocachi","status":"publish","type":"post","link":"https:\/\/stbnoticias.com\/index.php\/2025\/04\/16\/mi-hijo-es-inocente-diez-personas-le-brincaron-dice-el-padre-del-acusado-de-asesinato-en-sopocachi\/","title":{"rendered":"\u201c\u00a1MI HIJO ES INOCENTE! DIEZ PERSONAS LE BRINCARON\u201d, DICE EL PADRE DEL ACUSADO DE ASESINATO EN SOPOCACHI"},"content":{"rendered":"\n<figure class=\"wp-block-image size-full\"><img loading=\"lazy\" decoding=\"async\" width=\"751\" height=\"422\" src=\"https:\/\/stbnoticias.com\/wp-content\/uploads\/2025\/04\/2025041615421561657.webp\" alt=\"\" class=\"wp-image-10703\" srcset=\"https:\/\/stbnoticias.com\/wp-content\/uploads\/2025\/04\/2025041615421561657.webp 751w, https:\/\/stbnoticias.com\/wp-content\/uploads\/2025\/04\/2025041615421561657-300x169.webp 300w\" sizes=\"auto, (max-width: 751px) 100vw, 751px\" \/><\/figure>\n\n\n\n<p>\u201c\u00a1Mi hijo es inocente! Diez personas le brincaron, \u00bfqu\u00e9 persona no se va a defender? Desde ah\u00ed viene el tema de la inocencia\u201d, afirm\u00f3 el pap\u00e1 de Alejandro Z., acusado del asesinato de un joven y de haber herido a otros dos a la salida de una discoteca en Sopocachi, en La Paz.<\/p>\n\n\n\n<p>Alejandro Z., de 25 a\u00f1os, fue imputado por el delito de asesinato y tentativa de asesinato por la muerte de una persona y haber provocado heridas en otras dos la madrugada del domingo 13 de abril, aproximadamente a las 05:30 horas, cuando se produjo un incidente en puertas de una discoteca en la zona de Sopocachi.<\/p>\n\n\n\n<p>El ahora imputado vest\u00eda un disfraz del personaje \u201cJoker\u201d y es se\u00f1alado como el autor del apu\u00f1alamiento que caus\u00f3 la muerte de Youssef Emanuel Monta\u00f1o Giraldo, de 21 a\u00f1os, y dej\u00f3 heridos a Mat\u00edas Manuel C. (20) y Mat\u00edas Santiago M. (18).<\/p>\n\n\n\n<p>De acuerdo con las primeras investigaciones, Alejandro hab\u00eda asistido al local nocturno junto a su pareja, luego de cumplir su jornada laboral en un conocido local de El Prado pace\u00f1o. Seg\u00fan su defensa, el uso del disfraz se deb\u00eda a una solicitud de su empleador por el D\u00eda del Ni\u00f1o.<\/p>\n\n\n\n<p>El&nbsp;acusado&nbsp;fue enviado con detenci\u00f3n preventiva al penal de San Pedro, por un plazo inicial de un mes, tiempo durante el cual el Ministerio P\u00fablico deber\u00e1 sustentar con pruebas la imputaci\u00f3n.<\/p>\n\n\n\n<p>\u201cAhora, lo que viene es un mes en San Pedro, porque el Ministerio tiene que demostrar lo que est\u00e1 \u2018sosteniendo de forma vac\u00eda\u2019. Despu\u00e9s de ese mes veremos qu\u00e9 otra audiencia se viene\u201d, explic\u00f3 el padre del imputado.<\/p>\n\n\n\n<p>La defensa legal sostiene que el joven actu\u00f3 en leg\u00edtima defensa y argumenta que sufr\u00eda maltrato psicol\u00f3gico previo a los hechos.<\/p>\n\n\n\n<p>\u201cLo abrac\u00e9 y le dije que no est\u00e1 solo. Toda la familia est\u00e1 con \u00e9l, tambi\u00e9n toda la gente que lo conoce\u201d, afirm\u00f3 el progenitor y resalt\u00f3 que su hijo \u201cno es un maleante\u201d, porque fue pastor de iglesia.<\/p>\n\n\n\n<p>\u201c\u00bfC\u00f3mo un pastor de iglesia va a venir a matar con intencionalidad? \u00c9l sali\u00f3 a divertirse y lamentablemente la gente mala\u2026 mi hijo ech\u00f3 mano de donde pudo. No justifico, ni s\u00e9 qu\u00e9 hizo, porque la verdad es que es todo lo que muestran los videos\u201d, explic\u00f3 visiblemente emocionado.<\/p>\n\n\n\n<p>En las \u00faltimas horas, han comenzado a circular en redes sociales grabaciones que muestran una pelea grupal previa al apu\u00f1alamiento, lo cual podr\u00eda ser clave para esclarecer el contexto de lo ocurrido.<\/p>\n\n\n\n<p>Por su parte, el abogado y representante de la Asamblea Permanente de Derechos Humanos, Marcelo Valdez, explic\u00f3 que se present\u00f3 un certificado m\u00e9dico forense que acredita que Manuel Alejandro fue v\u00edctima de acuchillamiento.<\/p>\n\n\n\n<p>\u201cEn ese caso se desvirt\u00faa desproporcionalidad (\u2026) vamos a hacer prevalecer los derechos humanos de los acusados y de las v\u00edctimas. Esperamos que la Justicia cumpla su trabajo. La muerte no tiene justificaci\u00f3n, pero tampoco tiene justificaci\u00f3n que lo ataquen entre seis y lo apu\u00f1alen\u201d, a\u00f1adi\u00f3.<\/p>\n","protected":false},"excerpt":{"rendered":"<p>\u201c\u00a1Mi hijo es inocente! Diez personas le brincaron, \u00bfqu\u00e9 persona no se va a defender? Desde ah\u00ed viene el tema de la inocencia\u201d, afirm\u00f3 el pap\u00e1 de Alejandro Z., acusado del asesinato de un joven y de haber herido a otros dos a la salida de una discoteca en Sopocachi, en La Paz. Alejandro Z., [&hellip;]<\/p>\n","protected":false},"author":1,"featured_media":10703,"comment_status":"closed","ping_status":"closed","sticky":false,"template":"","format":"standard","meta":{"fifu_image_url":"","fifu_image_alt":"","footnotes":""},"categories":[35],"tags":[],"class_list":["post-10702","post","type-post","status-publish","format-standard","has-post-thumbnail","hentry","category-la-paz"],"_links":{"self":[{"href":"https:\/\/stbnoticias.com\/index.php\/wp-json\/wp\/v2\/posts\/10702","targetHints":{"allow":["GET"]}}],"collection":[{"href":"https:\/\/stbnoticias.com\/index.php\/wp-json\/wp\/v2\/posts"}],"about":[{"href":"https:\/\/stbnoticias.com\/index.php\/wp-json\/wp\/v2\/types\/post"}],"author":[{"embeddable":true,"href":"https:\/\/stbnoticias.com\/index.php\/wp-json\/wp\/v2\/users\/1"}],"replies":[{"embeddable":true,"href":"https:\/\/stbnoticias.com\/index.php\/wp-json\/wp\/v2\/comments?post=10702"}],"version-history":[{"count":1,"href":"https:\/\/stbnoticias.com\/index.php\/wp-json\/wp\/v2\/posts\/10702\/revisions"}],"predecessor-version":[{"id":10704,"href":"https:\/\/stbnoticias.com\/index.php\/wp-json\/wp\/v2\/posts\/10702\/revisions\/10704"}],"wp:featuredmedia":[{"embeddable":true,"href":"https:\/\/stbnoticias.com\/index.php\/wp-json\/wp\/v2\/media\/10703"}],"wp:attachment":[{"href":"https:\/\/stbnoticias.com\/index.php\/wp-json\/wp\/v2\/media?parent=10702"}],"wp:term":[{"taxonomy":"category","embeddable":true,"href":"https:\/\/stbnoticias.com\/index.php\/wp-json\/wp\/v2\/categories?post=10702"},{"taxonomy":"post_tag","embeddable":true,"href":"https:\/\/stbnoticias.com\/index.php\/wp-json\/wp\/v2\/tags?post=10702"}],"curies":[{"name":"wp","href":"https:\/\/api.w.org\/{rel}","templated":true}]}}