{"id":10706,"date":"2025-04-21T08:51:07","date_gmt":"2025-04-21T12:51:07","guid":{"rendered":"https:\/\/stbnoticias.com\/?p=10706"},"modified":"2025-04-21T08:51:07","modified_gmt":"2025-04-21T12:51:07","slug":"muere-el-papa-francisco-a-los-88-anos","status":"publish","type":"post","link":"https:\/\/stbnoticias.com\/index.php\/2025\/04\/21\/muere-el-papa-francisco-a-los-88-anos\/","title":{"rendered":"MUERE EL PAPA FRANCISCO A LOS 88 A\u00d1OS"},"content":{"rendered":"\n<figure class=\"wp-block-image size-full\"><img loading=\"lazy\" decoding=\"async\" width=\"980\" height=\"551\" src=\"https:\/\/stbnoticias.com\/wp-content\/uploads\/2025\/04\/87f5ffe3-6f50-4625-837b-93da60d50063.jpg\" alt=\"\" class=\"wp-image-10707\" srcset=\"https:\/\/stbnoticias.com\/wp-content\/uploads\/2025\/04\/87f5ffe3-6f50-4625-837b-93da60d50063.jpg 980w, https:\/\/stbnoticias.com\/wp-content\/uploads\/2025\/04\/87f5ffe3-6f50-4625-837b-93da60d50063-300x169.jpg 300w, https:\/\/stbnoticias.com\/wp-content\/uploads\/2025\/04\/87f5ffe3-6f50-4625-837b-93da60d50063-768x432.jpg 768w\" sizes=\"auto, (max-width: 980px) 100vw, 980px\" \/><\/figure>\n\n\n\n<p>El papa Francisco ha muerto hoy, lunes de Pascua, a los 88 a\u00f1os en su residencia de la Casa Santa Marta del Vaticano. Ha ocurrido a las 7:35 de la ma\u00f1ana, seg\u00fan ha anunciado el cardenal Kevin Farrell. \u201cQueridos hermanos y hermanas, con profunda tristeza debo anunciar el fallecimiento de nuestro Santo Padre Francisco\u201d, ha afirmado en el canal de televisi\u00f3n del Vaticano.<\/p>\n\n\n\n<p>\u201cToda su vida estuvo dedicada al servicio del Se\u00f1or y de su Iglesia. Nos ense\u00f1\u00f3 a vivir los valores del Evangelio con fidelidad, valent\u00eda y amor universal, especialmente en favor de los m\u00e1s pobres y marginados\u201d, ha apuntado el cardenal en un comunicado que ha compartido el Vaticano. \u201cCon inmensa gratitud por su ejemplo de verdadero disc\u00edpulo del Se\u00f1or Jes\u00fas, encomendamos el alma del Papa Francisco al infinito amor misericordioso del Dios Uno y Trino\u201d, agrega.<\/p>\n\n\n\n<p>El pont\u00edfice argentino fue ingresado el pasado 14 de febrero con una neumon\u00eda bilateral que se complic\u00f3 con crisis respiratorias y una insuficiencia renal, sumada a una infecci\u00f3n polimicrobiana. Requiri\u00f3 transfusiones de sangre por anemia, as\u00ed como administraci\u00f3n de ox\u00edgeno para ayudarle a respirar.<\/p>\n\n\n\n<p>Su \u00faltima aparici\u00f3n p\u00fablica fue este domingo de Resurrecci\u00f3n, 21 de abril, el balc\u00f3n de la logia central de la fachada de la bas\u00edlica de San Pedro para la bendici\u00f3n Urbi et Orbi y despu\u00e9s recorri\u00f3 la plaza en papam\u00f3vil y en su mensaje conden\u00f3 la \u201ccarrera de rearme\u201d e hizo un llamamiento a la paz mundial, al desarme global y a la liberaci\u00f3n de los prisioneros. Poco despu\u00e9s de las 11:30 en la Casa Santa Marta, el tuvo un breve encuentro con el vicepresidente de Estados Unidos James David Vance.<\/p>\n\n\n\n<p>Deja hu\u00e9rfanos a miles de fieles que recordar\u00e1n el legado del primer papa latinoamericano como un periodo en el que la Iglesia intent\u00f3 adaptarse a los tiempos actuales promoviendo la inclusi\u00f3n de las mujeres en puestos de poder, preocup\u00e1ndose por el medioambiente y la crisis de los refugiados y, sobre todo, buscando la paz entre los pueblos. As\u00ed fue hasta su \u00faltimo aliento y los \u00faltimos d\u00edas de su papado<\/p>\n\n\n\n<p>\u201cPienso en tantos pa\u00edses que est\u00e1n en guerra. Hermanas y hermanos, oremos por la paz. Hagamos todo lo posible por la paz. No olvidemos que la guerra es siempre una derrota. No hemos nacido para matar, sino para hacer crecer a los pueblos. Encontremos caminos de paz\u201d, dijo el papa en una de sus \u00faltimas intervenciones.<\/p>\n\n\n\n<p><strong>Sede Vacante<\/strong><\/p>\n\n\n\n<p>Comienza ahora el per\u00edodo de Sede Vacante, un estado de transici\u00f3n en el que cesan sus funciones y se suspenden ciertas actividades de la Santa Sede.<\/p>\n\n\n\n<p>Primero se destruir\u00e1 el Anillo del Pescador, sello oficial del papa, para evitar falsificaciones de documentos y se suspender\u00e1 la actividad de la Curia Romana. El papa ser\u00e1 velado en la Bas\u00edlica de San Pedro durante varios d\u00edas y se conocer\u00e1 cu\u00e1ndo ser\u00e1 el funeral solemne con la asistencia de jefes de Estado y l\u00edderes religiosos.<\/p>\n\n\n\n<p>Falta conocer tambi\u00e9n d\u00f3nde ser\u00e1 sepultado su cuerpo, si en la cripta vaticana o en otra bas\u00edlica: eso se sabr\u00e1 cuando se conozcan los detalles de su testamento.<\/p>\n","protected":false},"excerpt":{"rendered":"<p>El papa Francisco ha muerto hoy, lunes de Pascua, a los 88 a\u00f1os en su residencia de la Casa Santa Marta del Vaticano. Ha ocurrido a las 7:35 de la ma\u00f1ana, seg\u00fan ha anunciado el cardenal Kevin Farrell. \u201cQueridos hermanos y hermanas, con profunda tristeza debo anunciar el fallecimiento de nuestro Santo Padre Francisco\u201d, ha [&hellip;]<\/p>\n","protected":false},"author":1,"featured_media":10707,"comment_status":"closed","ping_status":"closed","sticky":false,"template":"","format":"standard","meta":{"fifu_image_url":"","fifu_image_alt":"","footnotes":""},"categories":[24],"tags":[],"class_list":["post-10706","post","type-post","status-publish","format-standard","has-post-thumbnail","hentry","category-mundo"],"_links":{"self":[{"href":"https:\/\/stbnoticias.com\/index.php\/wp-json\/wp\/v2\/posts\/10706","targetHints":{"allow":["GET"]}}],"collection":[{"href":"https:\/\/stbnoticias.com\/index.php\/wp-json\/wp\/v2\/posts"}],"about":[{"href":"https:\/\/stbnoticias.com\/index.php\/wp-json\/wp\/v2\/types\/post"}],"author":[{"embeddable":true,"href":"https:\/\/stbnoticias.com\/index.php\/wp-json\/wp\/v2\/users\/1"}],"replies":[{"embeddable":true,"href":"https:\/\/stbnoticias.com\/index.php\/wp-json\/wp\/v2\/comments?post=10706"}],"version-history":[{"count":1,"href":"https:\/\/stbnoticias.com\/index.php\/wp-json\/wp\/v2\/posts\/10706\/revisions"}],"predecessor-version":[{"id":10708,"href":"https:\/\/stbnoticias.com\/index.php\/wp-json\/wp\/v2\/posts\/10706\/revisions\/10708"}],"wp:featuredmedia":[{"embeddable":true,"href":"https:\/\/stbnoticias.com\/index.php\/wp-json\/wp\/v2\/media\/10707"}],"wp:attachment":[{"href":"https:\/\/stbnoticias.com\/index.php\/wp-json\/wp\/v2\/media?parent=10706"}],"wp:term":[{"taxonomy":"category","embeddable":true,"href":"https:\/\/stbnoticias.com\/index.php\/wp-json\/wp\/v2\/categories?post=10706"},{"taxonomy":"post_tag","embeddable":true,"href":"https:\/\/stbnoticias.com\/index.php\/wp-json\/wp\/v2\/tags?post=10706"}],"curies":[{"name":"wp","href":"https:\/\/api.w.org\/{rel}","templated":true}]}}