{"id":10710,"date":"2025-04-25T21:57:12","date_gmt":"2025-04-26T01:57:12","guid":{"rendered":"https:\/\/stbnoticias.com\/?p=10710"},"modified":"2025-04-25T21:57:13","modified_gmt":"2025-04-26T01:57:13","slug":"arce-culpa-a-la-derecha-por-la-subida-del-dolar-quieren-a-la-poblacion-en-contra-del-gobierno","status":"publish","type":"post","link":"https:\/\/stbnoticias.com\/index.php\/2025\/04\/25\/arce-culpa-a-la-derecha-por-la-subida-del-dolar-quieren-a-la-poblacion-en-contra-del-gobierno\/","title":{"rendered":"Arce culpa a la derecha por la subida del d\u00f3lar: \u201cQuieren a la poblaci\u00f3n en contra del Gobierno\u201d"},"content":{"rendered":"\n<figure class=\"wp-block-image size-large\"><img loading=\"lazy\" decoding=\"async\" width=\"1024\" height=\"682\" src=\"https:\/\/stbnoticias.com\/wp-content\/uploads\/2025\/04\/491281045_1215948879984701_3365686557659363797_n-1024x682.jpg\" alt=\"\" class=\"wp-image-10711\" srcset=\"https:\/\/stbnoticias.com\/wp-content\/uploads\/2025\/04\/491281045_1215948879984701_3365686557659363797_n-1024x682.jpg 1024w, https:\/\/stbnoticias.com\/wp-content\/uploads\/2025\/04\/491281045_1215948879984701_3365686557659363797_n-300x200.jpg 300w, https:\/\/stbnoticias.com\/wp-content\/uploads\/2025\/04\/491281045_1215948879984701_3365686557659363797_n-768x512.jpg 768w, https:\/\/stbnoticias.com\/wp-content\/uploads\/2025\/04\/491281045_1215948879984701_3365686557659363797_n-1536x1023.jpg 1536w, https:\/\/stbnoticias.com\/wp-content\/uploads\/2025\/04\/491281045_1215948879984701_3365686557659363797_n.jpg 2048w\" sizes=\"auto, (max-width: 1024px) 100vw, 1024px\" \/><\/figure>\n\n\n\n<p>Frente a la complicada situaci\u00f3n econ\u00f3mica que enfrenta el pa\u00eds y el \u00faltimo reporte del precio del d\u00f3lar en el mercado paralelo que duplica el precio oficial, el presidente del Estado, Luis Arce, hizo alusi\u00f3n al tema y culp\u00f3 a la derecha de \u201casentar unos golpes al bolsillo de los bolivianos\u201d y poner a la poblaci\u00f3n en contra del Gobierno para ganar las elecciones.\u00a0<\/p>\n\n\n\n<p>\u201cHoy por hoy, la derecha que va a pugnar tiene una estrategia contra el pueblo boliviano que es elevar permanentemente los precios de los productos, el precio del d\u00f3lar norteamericano en el pa\u00eds para poner a toda la poblaci\u00f3n contra el Gobierno nacional\u201d, dijo el mandatario en su discurso por la celebraci\u00f3n del aniversario 72\u00b0de la Central Obrera Departamental (COD) de Beni.&nbsp;<\/p>\n\n\n\n<p>Hasta la fecha, los precios de productos en los mercados de abasto incrementaron, mientras la cotizaci\u00f3n del d\u00f3lar en las casas de cambio y vendedoras librecambistas llega a Bs 14,20 en la ciudad de La Paz, casi el doble del precio oficial.&nbsp;<\/p>\n\n\n\n<p>Adem\u00e1s, Arce dijo que la derecha busca \u201cganar como sea\u201d las elecciones presidenciales del 17 de agosto de 2025&nbsp; y \u201casentar unos golpes al bolsillo de los bolivianos\u201d.&nbsp;<\/p>\n\n\n\n<p>Asimismo, calific\u00f3 de \u201cboicot y sabotaje\u201d a la econom\u00eda el accionar de la Asamblea Legislativa Plurinacional (ALP) por el rechazo de cr\u00e9ditos y el estancamiento de proyectos.&nbsp;<\/p>\n","protected":false},"excerpt":{"rendered":"<p>Frente a la complicada situaci\u00f3n econ\u00f3mica que enfrenta el pa\u00eds y el \u00faltimo reporte del precio del d\u00f3lar en el mercado paralelo que duplica el precio oficial, el presidente del Estado, Luis Arce, hizo alusi\u00f3n al tema y culp\u00f3 a la derecha de \u201casentar unos golpes al bolsillo de los bolivianos\u201d y poner a la [&hellip;]<\/p>\n","protected":false},"author":1,"featured_media":10711,"comment_status":"closed","ping_status":"closed","sticky":false,"template":"","format":"standard","meta":{"fifu_image_url":"","fifu_image_alt":"","footnotes":""},"categories":[22,31],"tags":[],"class_list":["post-10710","post","type-post","status-publish","format-standard","has-post-thumbnail","hentry","category-bolivia","category-economia"],"_links":{"self":[{"href":"https:\/\/stbnoticias.com\/index.php\/wp-json\/wp\/v2\/posts\/10710","targetHints":{"allow":["GET"]}}],"collection":[{"href":"https:\/\/stbnoticias.com\/index.php\/wp-json\/wp\/v2\/posts"}],"about":[{"href":"https:\/\/stbnoticias.com\/index.php\/wp-json\/wp\/v2\/types\/post"}],"author":[{"embeddable":true,"href":"https:\/\/stbnoticias.com\/index.php\/wp-json\/wp\/v2\/users\/1"}],"replies":[{"embeddable":true,"href":"https:\/\/stbnoticias.com\/index.php\/wp-json\/wp\/v2\/comments?post=10710"}],"version-history":[{"count":1,"href":"https:\/\/stbnoticias.com\/index.php\/wp-json\/wp\/v2\/posts\/10710\/revisions"}],"predecessor-version":[{"id":10712,"href":"https:\/\/stbnoticias.com\/index.php\/wp-json\/wp\/v2\/posts\/10710\/revisions\/10712"}],"wp:featuredmedia":[{"embeddable":true,"href":"https:\/\/stbnoticias.com\/index.php\/wp-json\/wp\/v2\/media\/10711"}],"wp:attachment":[{"href":"https:\/\/stbnoticias.com\/index.php\/wp-json\/wp\/v2\/media?parent=10710"}],"wp:term":[{"taxonomy":"category","embeddable":true,"href":"https:\/\/stbnoticias.com\/index.php\/wp-json\/wp\/v2\/categories?post=10710"},{"taxonomy":"post_tag","embeddable":true,"href":"https:\/\/stbnoticias.com\/index.php\/wp-json\/wp\/v2\/tags?post=10710"}],"curies":[{"name":"wp","href":"https:\/\/api.w.org\/{rel}","templated":true}]}}