{"id":10717,"date":"2025-04-29T09:28:26","date_gmt":"2025-04-29T13:28:26","guid":{"rendered":"https:\/\/stbnoticias.com\/?p=10717"},"modified":"2025-04-29T09:28:26","modified_gmt":"2025-04-29T13:28:26","slug":"rce-y-la-cob-definen-un-incremento-del-10-al-salario-minimo-y-del-5-al-haber-basico","status":"publish","type":"post","link":"https:\/\/stbnoticias.com\/index.php\/2025\/04\/29\/rce-y-la-cob-definen-un-incremento-del-10-al-salario-minimo-y-del-5-al-haber-basico\/","title":{"rendered":"RCE Y LA COB DEFINEN UN INCREMENTO DEL 10% AL SALARIO M\u00cdNIMO Y DEL 5% AL HABER B\u00c1SICO"},"content":{"rendered":"\n<p>El Gobierno del presidente Luis Arce y el comit\u00e9 ejecutivo de la <a><\/a>Central Obrera Boliviana definieron la tarde de este lunes un incremento del 10% al salario m\u00ednimo nacional y del 5% al haber b\u00e1sico que reciben los trabajadores de los sectores salud, educaci\u00f3n, Polic\u00eda y Fuerzas Armadas.<\/p>\n\n\n\n<figure class=\"wp-block-image size-full\"><img loading=\"lazy\" decoding=\"async\" width=\"850\" height=\"348\" src=\"https:\/\/stbnoticias.com\/wp-content\/uploads\/2025\/04\/image-21.png\" alt=\"\" class=\"wp-image-10718\" srcset=\"https:\/\/stbnoticias.com\/wp-content\/uploads\/2025\/04\/image-21.png 850w, https:\/\/stbnoticias.com\/wp-content\/uploads\/2025\/04\/image-21-300x123.png 300w, https:\/\/stbnoticias.com\/wp-content\/uploads\/2025\/04\/image-21-768x314.png 768w\" sizes=\"auto, (max-width: 850px) 100vw, 850px\" \/><\/figure>\n\n\n\n<p>El Presidente Luis Arce dijo que el incremento es un reconocimiento al esfuerzo que aplican en medio del contexto econ\u00f3mico adverso.<\/p>\n\n\n\n<p>La determinaci\u00f3n sobre el salario m\u00ednimo nacional significa que el monto sube de Bs 2.500 que reg\u00eda desde 2024 a Bs 2.750, que se aplicar\u00e1 en esta gesti\u00f3n.<\/p>\n\n\n\n<p>El Ministro de Econom\u00eda y Finanzas P\u00fablicas, Marcelo Montenegro, no dio mayores detalles sobre las implicaciones del aumento salarial correspondiente a esta gesti\u00f3n.<\/p>\n","protected":false},"excerpt":{"rendered":"<p>El Gobierno del presidente Luis Arce y el comit\u00e9 ejecutivo de la Central Obrera Boliviana definieron la tarde de este lunes un incremento del 10% al salario m\u00ednimo nacional y del 5% al haber b\u00e1sico que reciben los trabajadores de los sectores salud, educaci\u00f3n, Polic\u00eda y Fuerzas Armadas. El Presidente Luis Arce dijo que el [&hellip;]<\/p>\n","protected":false},"author":1,"featured_media":10718,"comment_status":"closed","ping_status":"closed","sticky":false,"template":"","format":"standard","meta":{"fifu_image_url":"","fifu_image_alt":"","footnotes":""},"categories":[22,45],"tags":[],"class_list":["post-10717","post","type-post","status-publish","format-standard","has-post-thumbnail","hentry","category-bolivia","category-sociedad"],"_links":{"self":[{"href":"https:\/\/stbnoticias.com\/index.php\/wp-json\/wp\/v2\/posts\/10717","targetHints":{"allow":["GET"]}}],"collection":[{"href":"https:\/\/stbnoticias.com\/index.php\/wp-json\/wp\/v2\/posts"}],"about":[{"href":"https:\/\/stbnoticias.com\/index.php\/wp-json\/wp\/v2\/types\/post"}],"author":[{"embeddable":true,"href":"https:\/\/stbnoticias.com\/index.php\/wp-json\/wp\/v2\/users\/1"}],"replies":[{"embeddable":true,"href":"https:\/\/stbnoticias.com\/index.php\/wp-json\/wp\/v2\/comments?post=10717"}],"version-history":[{"count":1,"href":"https:\/\/stbnoticias.com\/index.php\/wp-json\/wp\/v2\/posts\/10717\/revisions"}],"predecessor-version":[{"id":10719,"href":"https:\/\/stbnoticias.com\/index.php\/wp-json\/wp\/v2\/posts\/10717\/revisions\/10719"}],"wp:featuredmedia":[{"embeddable":true,"href":"https:\/\/stbnoticias.com\/index.php\/wp-json\/wp\/v2\/media\/10718"}],"wp:attachment":[{"href":"https:\/\/stbnoticias.com\/index.php\/wp-json\/wp\/v2\/media?parent=10717"}],"wp:term":[{"taxonomy":"category","embeddable":true,"href":"https:\/\/stbnoticias.com\/index.php\/wp-json\/wp\/v2\/categories?post=10717"},{"taxonomy":"post_tag","embeddable":true,"href":"https:\/\/stbnoticias.com\/index.php\/wp-json\/wp\/v2\/tags?post=10717"}],"curies":[{"name":"wp","href":"https:\/\/api.w.org\/{rel}","templated":true}]}}