{"id":10729,"date":"2025-05-02T20:55:56","date_gmt":"2025-05-03T00:55:56","guid":{"rendered":"https:\/\/stbnoticias.com\/?p=10729"},"modified":"2025-05-02T20:55:56","modified_gmt":"2025-05-03T00:55:56","slug":"juez-de-la-paz-anula-fallo-que-beneficiaba-a-evo-y-mantiene-vigente-su-orden-de-aprehension","status":"publish","type":"post","link":"https:\/\/stbnoticias.com\/index.php\/2025\/05\/02\/juez-de-la-paz-anula-fallo-que-beneficiaba-a-evo-y-mantiene-vigente-su-orden-de-aprehension\/","title":{"rendered":"Juez de La Paz anula fallo que beneficiaba a Evo y mantiene vigente su orden de aprehensi\u00f3n"},"content":{"rendered":"\n<p>El juez del Tribunal Departamental de Justicia de La Paz, Franz Zabaleta, revoc\u00f3 este jueves la resoluci\u00f3n emitida por la jueza de Santa Cruz, Lilian Moreno, que anulaba la orden de aprehensi\u00f3n contra el expresidente Evo Morales. Con esta decisi\u00f3n, la orden de aprehensi\u00f3n contin\u00faa vigente.<\/p>\n\n\n\n<figure class=\"wp-block-image size-large\"><img loading=\"lazy\" decoding=\"async\" width=\"1024\" height=\"631\" src=\"https:\/\/stbnoticias.com\/wp-content\/uploads\/2025\/05\/4b0d4fdb-7347-4105-9f04-fce572c0f63d_62-1024x631.jpg\" alt=\"\" class=\"wp-image-10730\" srcset=\"https:\/\/stbnoticias.com\/wp-content\/uploads\/2025\/05\/4b0d4fdb-7347-4105-9f04-fce572c0f63d_62-1024x631.jpg 1024w, https:\/\/stbnoticias.com\/wp-content\/uploads\/2025\/05\/4b0d4fdb-7347-4105-9f04-fce572c0f63d_62-300x185.jpg 300w, https:\/\/stbnoticias.com\/wp-content\/uploads\/2025\/05\/4b0d4fdb-7347-4105-9f04-fce572c0f63d_62-768x473.jpg 768w, https:\/\/stbnoticias.com\/wp-content\/uploads\/2025\/05\/4b0d4fdb-7347-4105-9f04-fce572c0f63d_62.jpg 1423w\" sizes=\"auto, (max-width: 1024px) 100vw, 1024px\" \/><\/figure>\n\n\n\n<p>\u201cConforme al art. 34 del CPCo como medida cautelar se ordena la suspensi\u00f3n temporal de la ejecuci\u00f3n de toda determinaci\u00f3n adoptada, entre tanto no se resuelve la presente Queja conforme la determina el Auto Constitucional Plurinacional N\u00b00047\/2022-O de 10 de agosto de 2022\u201d, se\u00f1ala el documento emitido este 2 de mayo.<\/p>\n\n\n\n<p>El juez Zabaleta dispuso esta medida cautelar en el marco de una queja formal presentada contra la actuaci\u00f3n de la jueza cruce\u00f1a. Adem\u00e1s, otorg\u00f3 un plazo de tres d\u00edas para que los jueces Lilian Moreno y Nelson Rocabado presenten informes detallados sobre los fundamentos y t\u00e9rminos de la resoluci\u00f3n cuestionada.<\/p>\n\n\n\n<p>Horas antes, el presidente del Tribunal Departamental de Justicia (TDJ) de Santa Cruz, Aldo Quezada, tambi\u00e9n se pronunci\u00f3 sobre el fallo de la jueza Moreno, quien dej\u00f3 sin efecto la orden de aprehensi\u00f3n contra Morales el pasado mi\u00e9rcoles. La resoluci\u00f3n fue ampliamente criticada por distintos sectores y gener\u00f3 controversia.<\/p>\n","protected":false},"excerpt":{"rendered":"<p>El juez del Tribunal Departamental de Justicia de La Paz, Franz Zabaleta, revoc\u00f3 este jueves la resoluci\u00f3n emitida por la jueza de Santa Cruz, Lilian Moreno, que anulaba la orden de aprehensi\u00f3n contra el expresidente Evo Morales. Con esta decisi\u00f3n, la orden de aprehensi\u00f3n contin\u00faa vigente. \u201cConforme al art. 34 del CPCo como medida cautelar [&hellip;]<\/p>\n","protected":false},"author":1,"featured_media":10730,"comment_status":"closed","ping_status":"closed","sticky":false,"template":"","format":"standard","meta":{"fifu_image_url":"","fifu_image_alt":"","footnotes":""},"categories":[57],"tags":[],"class_list":["post-10729","post","type-post","status-publish","format-standard","has-post-thumbnail","hentry","category-coyuntura"],"_links":{"self":[{"href":"https:\/\/stbnoticias.com\/index.php\/wp-json\/wp\/v2\/posts\/10729","targetHints":{"allow":["GET"]}}],"collection":[{"href":"https:\/\/stbnoticias.com\/index.php\/wp-json\/wp\/v2\/posts"}],"about":[{"href":"https:\/\/stbnoticias.com\/index.php\/wp-json\/wp\/v2\/types\/post"}],"author":[{"embeddable":true,"href":"https:\/\/stbnoticias.com\/index.php\/wp-json\/wp\/v2\/users\/1"}],"replies":[{"embeddable":true,"href":"https:\/\/stbnoticias.com\/index.php\/wp-json\/wp\/v2\/comments?post=10729"}],"version-history":[{"count":1,"href":"https:\/\/stbnoticias.com\/index.php\/wp-json\/wp\/v2\/posts\/10729\/revisions"}],"predecessor-version":[{"id":10731,"href":"https:\/\/stbnoticias.com\/index.php\/wp-json\/wp\/v2\/posts\/10729\/revisions\/10731"}],"wp:featuredmedia":[{"embeddable":true,"href":"https:\/\/stbnoticias.com\/index.php\/wp-json\/wp\/v2\/media\/10730"}],"wp:attachment":[{"href":"https:\/\/stbnoticias.com\/index.php\/wp-json\/wp\/v2\/media?parent=10729"}],"wp:term":[{"taxonomy":"category","embeddable":true,"href":"https:\/\/stbnoticias.com\/index.php\/wp-json\/wp\/v2\/categories?post=10729"},{"taxonomy":"post_tag","embeddable":true,"href":"https:\/\/stbnoticias.com\/index.php\/wp-json\/wp\/v2\/tags?post=10729"}],"curies":[{"name":"wp","href":"https:\/\/api.w.org\/{rel}","templated":true}]}}