{"id":10743,"date":"2025-05-12T22:06:10","date_gmt":"2025-05-13T02:06:10","guid":{"rendered":"https:\/\/stbnoticias.com\/?p=10743"},"modified":"2025-05-12T22:06:10","modified_gmt":"2025-05-13T02:06:10","slug":"listas-negras-un-dice-que-samuel-no-toma-decisiones-bajo-amenazas-ni-por-terceros","status":"publish","type":"post","link":"https:\/\/stbnoticias.com\/index.php\/2025\/05\/12\/listas-negras-un-dice-que-samuel-no-toma-decisiones-bajo-amenazas-ni-por-terceros\/","title":{"rendered":"Listas negras: UN dice que Samuel \u2018no toma decisiones bajo amenazas\u2019 ni por terceros"},"content":{"rendered":"\n<p>La vocera de (UN), Elizabeth Reyes, afirm\u00f3 que fuera de Samuel no hay nadie m\u00e1s que defina las listas, y recalc\u00f3 que el precandidato no toma decisiones bajo amenazas ni presiones.<\/p>\n\n\n\n<figure class=\"wp-block-image size-full\"><img loading=\"lazy\" decoding=\"async\" width=\"992\" height=\"558\" src=\"https:\/\/stbnoticias.com\/wp-content\/uploads\/2025\/05\/2025040919052652777.webp\" alt=\"\" class=\"wp-image-10744\" srcset=\"https:\/\/stbnoticias.com\/wp-content\/uploads\/2025\/05\/2025040919052652777.webp 992w, https:\/\/stbnoticias.com\/wp-content\/uploads\/2025\/05\/2025040919052652777-300x169.webp 300w, https:\/\/stbnoticias.com\/wp-content\/uploads\/2025\/05\/2025040919052652777-768x432.webp 768w\" sizes=\"auto, (max-width: 992px) 100vw, 992px\" \/><\/figure>\n\n\n\n<p>La vocera de Unidad Nacional (UN), Elizabeth Reyes, neg\u00f3 este lunes que exista una \u201clista negra\u201d como denunciaron actores pol\u00edticos aliados del bloque de unidad.<\/p>\n\n\n\n<p>Reyes afirm\u00f3 que fuera de Samuel no hay nadie m\u00e1s que defina las listas, y recalc\u00f3 que Samuel no toma decisiones bajo amenazas ni presiones.<\/p>\n\n\n\n<p>\u201cEn tiempos de listas siempre hay casos similares; es una pr\u00e1ctica de la vieja pol\u00edtica. Esto ocurre siempre: hay quejas por los espacios en las listas. Quien conoce a Samuel sabe que, despu\u00e9s de tantos a\u00f1os y de tantas cosas que ha pasado, no es alguien que tome decisiones en base a amenazas y presiones\u201d, declar\u00f3 Reyes en conferencia de prensa.<\/p>\n\n\n\n<h2 class=\"wp-block-heading\"><strong>LISTA NEGRA<\/strong><\/h2>\n\n\n\n<p>Durante el fin de semana trascendi\u00f3 la existencia de una supuesta lista negra impuesta por Luis Fernando Camacho, l\u00edder de Creemos, a Doria Medina para definir las candidaturas dentro del bloque de unidad rumbo a las elecciones nacionales. En esa lista figurar\u00edan distintas figuras pol\u00edticas aliadas que este lunes denunciaron haber sido vetadas, como Luisa Nayar y Vicente Cu\u00e9llar, entre otros.<\/p>\n\n\n\n<p>Reyes insisti\u00f3 en que Samuel es el \u00fanico encargado de definir las candidaturas, y explic\u00f3 que se trata de una lista corta, en la que no todos logran ingresar. \u201cNegamos rotundamente que un tercero, que no sea Samuel, est\u00e9 definiendo las listas. Aqu\u00ed no se trata de listas negras ni vetos, se trata de listas cortas que no alcanzan para todos los espacios, por muy capaces que sean las personas que aspiran a ellos\u201d, finaliz\u00f3.<\/p>\n","protected":false},"excerpt":{"rendered":"<p>La vocera de (UN), Elizabeth Reyes, afirm\u00f3 que fuera de Samuel no hay nadie m\u00e1s que defina las listas, y recalc\u00f3 que el precandidato no toma decisiones bajo amenazas ni presiones. La vocera de Unidad Nacional (UN), Elizabeth Reyes, neg\u00f3 este lunes que exista una \u201clista negra\u201d como denunciaron actores pol\u00edticos aliados del bloque de [&hellip;]<\/p>\n","protected":false},"author":1,"featured_media":10744,"comment_status":"closed","ping_status":"closed","sticky":false,"template":"","format":"standard","meta":{"fifu_image_url":"","fifu_image_alt":"","footnotes":""},"categories":[30],"tags":[],"class_list":["post-10743","post","type-post","status-publish","format-standard","has-post-thumbnail","hentry","category-politica"],"_links":{"self":[{"href":"https:\/\/stbnoticias.com\/index.php\/wp-json\/wp\/v2\/posts\/10743","targetHints":{"allow":["GET"]}}],"collection":[{"href":"https:\/\/stbnoticias.com\/index.php\/wp-json\/wp\/v2\/posts"}],"about":[{"href":"https:\/\/stbnoticias.com\/index.php\/wp-json\/wp\/v2\/types\/post"}],"author":[{"embeddable":true,"href":"https:\/\/stbnoticias.com\/index.php\/wp-json\/wp\/v2\/users\/1"}],"replies":[{"embeddable":true,"href":"https:\/\/stbnoticias.com\/index.php\/wp-json\/wp\/v2\/comments?post=10743"}],"version-history":[{"count":1,"href":"https:\/\/stbnoticias.com\/index.php\/wp-json\/wp\/v2\/posts\/10743\/revisions"}],"predecessor-version":[{"id":10745,"href":"https:\/\/stbnoticias.com\/index.php\/wp-json\/wp\/v2\/posts\/10743\/revisions\/10745"}],"wp:featuredmedia":[{"embeddable":true,"href":"https:\/\/stbnoticias.com\/index.php\/wp-json\/wp\/v2\/media\/10744"}],"wp:attachment":[{"href":"https:\/\/stbnoticias.com\/index.php\/wp-json\/wp\/v2\/media?parent=10743"}],"wp:term":[{"taxonomy":"category","embeddable":true,"href":"https:\/\/stbnoticias.com\/index.php\/wp-json\/wp\/v2\/categories?post=10743"},{"taxonomy":"post_tag","embeddable":true,"href":"https:\/\/stbnoticias.com\/index.php\/wp-json\/wp\/v2\/tags?post=10743"}],"curies":[{"name":"wp","href":"https:\/\/api.w.org\/{rel}","templated":true}]}}