{"id":10747,"date":"2025-05-16T20:40:32","date_gmt":"2025-05-17T00:40:32","guid":{"rendered":"https:\/\/stbnoticias.com\/?p=10747"},"modified":"2025-05-16T20:40:34","modified_gmt":"2025-05-17T00:40:34","slug":"evistas-deciden-replegarse-de-la-paz-y-perfilan-reunion-en-el-tropico-para-asumir-acciones","status":"publish","type":"post","link":"https:\/\/stbnoticias.com\/index.php\/2025\/05\/16\/evistas-deciden-replegarse-de-la-paz-y-perfilan-reunion-en-el-tropico-para-asumir-acciones\/","title":{"rendered":"Evistas deciden replegarse de La Paz y perfilan reuni\u00f3n en el tr\u00f3pico para asumir acciones"},"content":{"rendered":"\n<figure class=\"wp-block-image size-full\"><img loading=\"lazy\" decoding=\"async\" width=\"992\" height=\"558\" src=\"https:\/\/stbnoticias.com\/wp-content\/uploads\/2025\/05\/2025051619443762532.webp\" alt=\"\" class=\"wp-image-10748\" srcset=\"https:\/\/stbnoticias.com\/wp-content\/uploads\/2025\/05\/2025051619443762532.webp 992w, https:\/\/stbnoticias.com\/wp-content\/uploads\/2025\/05\/2025051619443762532-300x169.webp 300w, https:\/\/stbnoticias.com\/wp-content\/uploads\/2025\/05\/2025051619443762532-768x432.webp 768w\" sizes=\"auto, (max-width: 992px) 100vw, 992px\" \/><\/figure>\n\n\n\n<p>Los sectores sociales, afines a Evo Morales, decidieron replegarse a sus lugares de origen y el domingo anunciaron que sostendr\u00e1n una reuni\u00f3n en la localidad de Lauca \u00d1, ubicada en el tr\u00f3pico de Cochabamba, para asumir\u00e1n nuevas acciones por la candidatura del exmandatario en las elecciones.<\/p>\n\n\n\n<p>La decisi\u00f3n fue anunciada por la vicepresidenta de la organizaci\u00f3n pol\u00edtica Evo Pueblo, Elizabeth Paco, tras la jornada de marcha y enfrentamiento con la Polic\u00eda en cercan\u00edas del Tribunal Supremo Electoral (TSE) frente a la plaza Abaroa.<\/p>\n\n\n\n<p>\u201cNos vamos a retirar y el d\u00eda domingo a las 09.00 vamos a convocar en Lauca \u00d1, a la cabeza del Pacto de Unidad y el Estado Mayor del Pueblo, la Direcci\u00f3n Nacional del instrumento pol\u00edtico Evo Pueblo (a un encuentro)\u201d, anunci\u00f3.<\/p>\n\n\n\n<p>En el encuentro, seg\u00fan dijo, se tomar\u00e1n determinaciones tras el la represi\u00f3n policial que fue considerada como \u201cbochornosa\u201d.<\/p>\n\n\n\n<p>En la plaza San Francisco, el secretario general de la CSUTCB, Pedro Llanque, fustig\u00f3 la represi\u00f3n policial durante la marcha en la sede de gobierno y anunci\u00f3 que desde esta jornada se mantendr\u00e1n en alerta y permanentes reuniones todos los sectores sociales.<\/p>\n\n\n\n<p>&nbsp;\u201cVamos a vamos a declarar un cuarto intermedio para que nos vayamos a organizar en nuestras regiones para nuevamente retornar. Vamos a hacer todo lo posible, hasta lo \u00faltimo, para que inscriban a nuestro comandante Evo Morales\u201d, indic\u00f3.<\/p>\n\n\n\n<p>Inst\u00f3 a quienes se movilizaron en La Paz a \u201cno desmayar\u201d ante la intervenci\u00f3n e inform\u00f3 que continuar\u00e1n con la presi\u00f3n para que Morales sea inscrito como candidato en las elecciones generales de agosto.<\/p>\n\n\n\n<p>Llanque advirti\u00f3 que, si Morales es inhabilitado, \u201cel pueblo boliviano se va a levantar a nivel nacional\u201d.<\/p>\n","protected":false},"excerpt":{"rendered":"<p>Los sectores sociales, afines a Evo Morales, decidieron replegarse a sus lugares de origen y el domingo anunciaron que sostendr\u00e1n una reuni\u00f3n en la localidad de Lauca \u00d1, ubicada en el tr\u00f3pico de Cochabamba, para asumir\u00e1n nuevas acciones por la candidatura del exmandatario en las elecciones. La decisi\u00f3n fue anunciada por la vicepresidenta de la [&hellip;]<\/p>\n","protected":false},"author":1,"featured_media":0,"comment_status":"closed","ping_status":"closed","sticky":false,"template":"","format":"standard","meta":{"fifu_image_url":"","fifu_image_alt":"","footnotes":""},"categories":[22,30],"tags":[],"class_list":["post-10747","post","type-post","status-publish","format-standard","hentry","category-bolivia","category-politica"],"_links":{"self":[{"href":"https:\/\/stbnoticias.com\/index.php\/wp-json\/wp\/v2\/posts\/10747","targetHints":{"allow":["GET"]}}],"collection":[{"href":"https:\/\/stbnoticias.com\/index.php\/wp-json\/wp\/v2\/posts"}],"about":[{"href":"https:\/\/stbnoticias.com\/index.php\/wp-json\/wp\/v2\/types\/post"}],"author":[{"embeddable":true,"href":"https:\/\/stbnoticias.com\/index.php\/wp-json\/wp\/v2\/users\/1"}],"replies":[{"embeddable":true,"href":"https:\/\/stbnoticias.com\/index.php\/wp-json\/wp\/v2\/comments?post=10747"}],"version-history":[{"count":1,"href":"https:\/\/stbnoticias.com\/index.php\/wp-json\/wp\/v2\/posts\/10747\/revisions"}],"predecessor-version":[{"id":10749,"href":"https:\/\/stbnoticias.com\/index.php\/wp-json\/wp\/v2\/posts\/10747\/revisions\/10749"}],"wp:attachment":[{"href":"https:\/\/stbnoticias.com\/index.php\/wp-json\/wp\/v2\/media?parent=10747"}],"wp:term":[{"taxonomy":"category","embeddable":true,"href":"https:\/\/stbnoticias.com\/index.php\/wp-json\/wp\/v2\/categories?post=10747"},{"taxonomy":"post_tag","embeddable":true,"href":"https:\/\/stbnoticias.com\/index.php\/wp-json\/wp\/v2\/tags?post=10747"}],"curies":[{"name":"wp","href":"https:\/\/api.w.org\/{rel}","templated":true}]}}