{"id":10763,"date":"2025-05-24T21:38:41","date_gmt":"2025-05-25T01:38:41","guid":{"rendered":"https:\/\/stbnoticias.com\/?p=10763"},"modified":"2025-07-02T20:30:54","modified_gmt":"2025-07-03T00:30:54","slug":"cuantos-dias-permanecera-el-frio-polar-en-bolivia-alertan-nevadas-y-temperaturas-bajo-cero","status":"publish","type":"post","link":"https:\/\/stbnoticias.com\/index.php\/2025\/05\/24\/cuantos-dias-permanecera-el-frio-polar-en-bolivia-alertan-nevadas-y-temperaturas-bajo-cero\/","title":{"rendered":"\u00bfCu\u00e1ntos d\u00edas permanecer\u00e1 el fr\u00edo polar en Bolivia? Alertan nevadas y temperaturas bajo cero"},"content":{"rendered":"\n<p>Seg\u00fan el Servicio Nacional de Meteorolog\u00eda e Hidrolog\u00eda (Senamhi), se ha declarado alerta roja debido a una ola de fr\u00edo que provocar\u00e1 descensos de temperatura bajo cero. Tanto las regiones del oriente como del occidente del pa\u00eds se ver\u00e1n afectadas.<\/p>\n\n\n\n<figure class=\"wp-block-image size-full\"><img loading=\"lazy\" decoding=\"async\" width=\"800\" height=\"450\" src=\"https:\/\/stbnoticias.com\/wp-content\/uploads\/2025\/05\/1748303419910.webp\" alt=\"\" class=\"wp-image-10764\" srcset=\"https:\/\/stbnoticias.com\/wp-content\/uploads\/2025\/05\/1748303419910.webp 800w, https:\/\/stbnoticias.com\/wp-content\/uploads\/2025\/05\/1748303419910-300x169.webp 300w, https:\/\/stbnoticias.com\/wp-content\/uploads\/2025\/05\/1748303419910-768x432.webp 768w\" sizes=\"auto, (max-width: 800px) 100vw, 800px\" \/><\/figure>\n\n\n\n<p><\/p>\n\n\n\n<p>Gilda Mamani, pronosticadora del Senamhi, inform\u00f3 este lunes que la ola de fr\u00edo polar tendr\u00e1 una duraci\u00f3n aproximada de ocho d\u00edas, siendo tres de ellos los m\u00e1s intensos. Esta afectaci\u00f3n alcanzar\u00e1 a siete de los nueve departamentos de Bolivia.<\/p>\n\n\n\n<p>\u201cEsta alerta roja se debe a una ola de fr\u00edo que provocar\u00e1 descensos de temperatura por debajo de lo normal, lo que afectar\u00e1 a varios departamentos\u201d, explic\u00f3 Mamani.<\/p>\n\n\n\n<p>\u00a0Los departamentos afectados ser\u00e1n Tarija, Chuquisaca, Santa Cruz, Beni, Cochabamba, el norte de La Paz, Los Yungas y Pando.<\/p>\n\n\n\n<p>\u00a0El ingreso de esta ola polar comenzar\u00e1 a partir del 27 de mayo, tendr\u00e1 mayor intensidad el 28 y se extender\u00e1 hasta el 3 de junio.<\/p>\n\n\n\n<p>\u201cLo que es en Santa Cruz, la temperatura normal es desde 31 hasta los 36 grados cent\u00edgrados, sin embargo,&nbsp;con est\u00e1 ola de fr\u00edo se prev\u00e9 que llegar\u00e1 a descender hasta los 12 grados cent\u00edgrados\u201d, afirm\u00f3 Mamani.<\/p>\n\n\n\n<p>Adem\u00e1s, la ola polar estar\u00e1 acompa\u00f1ada de vientos, fuertes precipitaciones, lluvias con tormentas el\u00e9ctricas e incluso podr\u00edan registrarse nevadas.<\/p>\n","protected":false},"excerpt":{"rendered":"<p>Seg\u00fan el Servicio Nacional de Meteorolog\u00eda e Hidrolog\u00eda (Senamhi), se ha declarado alerta roja debido a una ola de fr\u00edo que provocar\u00e1 descensos de temperatura bajo cero. Tanto las regiones del oriente como del occidente del pa\u00eds se ver\u00e1n afectadas. Gilda Mamani, pronosticadora del Senamhi, inform\u00f3 este lunes que la ola de fr\u00edo polar tendr\u00e1 [&hellip;]<\/p>\n","protected":false},"author":1,"featured_media":0,"comment_status":"closed","ping_status":"closed","sticky":false,"template":"","format":"standard","meta":{"fifu_image_url":"","fifu_image_alt":"","footnotes":""},"categories":[22,47],"tags":[],"class_list":["post-10763","post","type-post","status-publish","format-standard","hentry","category-bolivia","category-clima"],"_links":{"self":[{"href":"https:\/\/stbnoticias.com\/index.php\/wp-json\/wp\/v2\/posts\/10763","targetHints":{"allow":["GET"]}}],"collection":[{"href":"https:\/\/stbnoticias.com\/index.php\/wp-json\/wp\/v2\/posts"}],"about":[{"href":"https:\/\/stbnoticias.com\/index.php\/wp-json\/wp\/v2\/types\/post"}],"author":[{"embeddable":true,"href":"https:\/\/stbnoticias.com\/index.php\/wp-json\/wp\/v2\/users\/1"}],"replies":[{"embeddable":true,"href":"https:\/\/stbnoticias.com\/index.php\/wp-json\/wp\/v2\/comments?post=10763"}],"version-history":[{"count":1,"href":"https:\/\/stbnoticias.com\/index.php\/wp-json\/wp\/v2\/posts\/10763\/revisions"}],"predecessor-version":[{"id":10765,"href":"https:\/\/stbnoticias.com\/index.php\/wp-json\/wp\/v2\/posts\/10763\/revisions\/10765"}],"wp:attachment":[{"href":"https:\/\/stbnoticias.com\/index.php\/wp-json\/wp\/v2\/media?parent=10763"}],"wp:term":[{"taxonomy":"category","embeddable":true,"href":"https:\/\/stbnoticias.com\/index.php\/wp-json\/wp\/v2\/categories?post=10763"},{"taxonomy":"post_tag","embeddable":true,"href":"https:\/\/stbnoticias.com\/index.php\/wp-json\/wp\/v2\/tags?post=10763"}],"curies":[{"name":"wp","href":"https:\/\/api.w.org\/{rel}","templated":true}]}}