{"id":10767,"date":"2025-05-26T09:47:36","date_gmt":"2025-05-26T13:47:36","guid":{"rendered":"https:\/\/stbnoticias.com\/?p=10767"},"modified":"2025-07-02T20:37:10","modified_gmt":"2025-07-03T00:37:10","slug":"leon-xiv-pide-parar-la-guerra-en-ucrania-y-apoyar-toda-iniciativa-de-dialogo","status":"publish","type":"post","link":"https:\/\/stbnoticias.com\/index.php\/2025\/05\/26\/leon-xiv-pide-parar-la-guerra-en-ucrania-y-apoyar-toda-iniciativa-de-dialogo\/","title":{"rendered":"Le\u00f3n XIV pide parar la guerra en Ucrania y apoyar toda iniciativa de di\u00e1logo"},"content":{"rendered":"\n<p><em><strong>El secretario de Estado del Vaticano, el cardenal Pietro Parolin, explic\u00f3 que no hubo una mediaci\u00f3n \u201cporque la mediaci\u00f3n debe ser solicitada por las partes\u201d y que solo fue \u201cuna oferta de disponibilidad para acoger una posible reuni\u00f3n\u201d<\/strong><\/em><\/p>\n\n\n\n<figure class=\"wp-block-image size-full\"><img loading=\"lazy\" decoding=\"async\" width=\"980\" height=\"653\" src=\"https:\/\/stbnoticias.com\/wp-content\/uploads\/2025\/05\/image.png\" alt=\"\" class=\"wp-image-10768\" srcset=\"https:\/\/stbnoticias.com\/wp-content\/uploads\/2025\/05\/image.png 980w, https:\/\/stbnoticias.com\/wp-content\/uploads\/2025\/05\/image-300x200.png 300w, https:\/\/stbnoticias.com\/wp-content\/uploads\/2025\/05\/image-768x512.png 768w\" sizes=\"auto, (max-width: 980px) 100vw, 980px\" \/><\/figure>\n\n\n\n<p>El papa Le\u00f3n XIV conden\u00f3 este mi\u00e9rcoles los bombardeos contra civiles e infraestructuras en Ucrania y pidi\u00f3 apoyar toda iniciativa de di\u00e1logo y de paz, en un llamamiento al final de la audiencia general celebrada en la plaza de San Pedro del Vaticano ante miles de personas.<\/p>\n\n\n\n<p>\u00abAseguro mi cercan\u00eda y mi oraci\u00f3n por todas las v\u00edctimas, especialmente por los ni\u00f1os y las familias. Hago un fuerte llamamiento para parar la guerra y para apoyar toda iniciativa de di\u00e1logo y de paz. Pido a todos que se unan en oraci\u00f3n por la paz en Ucrania y en todos los lugares donde la gente sufre la guerra\u00bb, dijo.<\/p>\n\n\n\n<p>El secretario de Estado, el cardenal Pietro Parolin, explic\u00f3 en una entrevista este martes en los medios vaticanos que respecto al ofrecimiento del Vaticano como sede para nuevas negociaciones entre Ucrania y Rusia, y que ya ha rechazado la parte rusa, \u00abno se trat\u00f3 de una mediaci\u00f3n, porque la mediaci\u00f3n debe ser solicitada por las partes\u00bb y que solo hubo \u00abuna oferta de disponibilidad para acoger una posible reuni\u00f3n\u00bb.<\/p>\n\n\n\n<p>\u00abEn cualquier caso, no importa d\u00f3nde se celebren las negociaciones entre rusos y ucranianos que todos esperamos. Lo que realmente importa es que esta negociaci\u00f3n finalmente pueda comenzar, porque es urgente detener la guerra\u00bb, dijo.<\/p>\n\n\n\n<p>\u00abEn primer lugar, es urgente una tregua para poner fin a la devastaci\u00f3n, a las ciudades destruidas, a los civiles que pierden la vida. Y luego es urgente llegar a una paz estable, justa y duradera, por tanto aceptada y consensuada por ambas partes\u00bb, a\u00f1adi\u00f3.<\/p>\n","protected":false},"excerpt":{"rendered":"<p>El secretario de Estado del Vaticano, el cardenal Pietro Parolin, explic\u00f3 que no hubo una mediaci\u00f3n \u201cporque la mediaci\u00f3n debe ser solicitada por las partes\u201d y que solo fue \u201cuna oferta de disponibilidad para acoger una posible reuni\u00f3n\u201d El papa Le\u00f3n XIV conden\u00f3 este mi\u00e9rcoles los bombardeos contra civiles e infraestructuras en Ucrania y pidi\u00f3 [&hellip;]<\/p>\n","protected":false},"author":1,"featured_media":10768,"comment_status":"closed","ping_status":"closed","sticky":false,"template":"","format":"standard","meta":{"fifu_image_url":"","fifu_image_alt":"","footnotes":""},"categories":[22,30],"tags":[],"class_list":["post-10767","post","type-post","status-publish","format-standard","has-post-thumbnail","hentry","category-bolivia","category-politica"],"_links":{"self":[{"href":"https:\/\/stbnoticias.com\/index.php\/wp-json\/wp\/v2\/posts\/10767","targetHints":{"allow":["GET"]}}],"collection":[{"href":"https:\/\/stbnoticias.com\/index.php\/wp-json\/wp\/v2\/posts"}],"about":[{"href":"https:\/\/stbnoticias.com\/index.php\/wp-json\/wp\/v2\/types\/post"}],"author":[{"embeddable":true,"href":"https:\/\/stbnoticias.com\/index.php\/wp-json\/wp\/v2\/users\/1"}],"replies":[{"embeddable":true,"href":"https:\/\/stbnoticias.com\/index.php\/wp-json\/wp\/v2\/comments?post=10767"}],"version-history":[{"count":1,"href":"https:\/\/stbnoticias.com\/index.php\/wp-json\/wp\/v2\/posts\/10767\/revisions"}],"predecessor-version":[{"id":10769,"href":"https:\/\/stbnoticias.com\/index.php\/wp-json\/wp\/v2\/posts\/10767\/revisions\/10769"}],"wp:featuredmedia":[{"embeddable":true,"href":"https:\/\/stbnoticias.com\/index.php\/wp-json\/wp\/v2\/media\/10768"}],"wp:attachment":[{"href":"https:\/\/stbnoticias.com\/index.php\/wp-json\/wp\/v2\/media?parent=10767"}],"wp:term":[{"taxonomy":"category","embeddable":true,"href":"https:\/\/stbnoticias.com\/index.php\/wp-json\/wp\/v2\/categories?post=10767"},{"taxonomy":"post_tag","embeddable":true,"href":"https:\/\/stbnoticias.com\/index.php\/wp-json\/wp\/v2\/tags?post=10767"}],"curies":[{"name":"wp","href":"https:\/\/api.w.org\/{rel}","templated":true}]}}