{"id":10770,"date":"2025-05-28T09:49:30","date_gmt":"2025-05-28T13:49:30","guid":{"rendered":"https:\/\/stbnoticias.com\/?p=10770"},"modified":"2025-05-28T09:49:30","modified_gmt":"2025-05-28T13:49:30","slug":"vocal-tcp-definira-sobre-casos-del-mts-y-pan-bol","status":"publish","type":"post","link":"https:\/\/stbnoticias.com\/index.php\/2025\/05\/28\/vocal-tcp-definira-sobre-casos-del-mts-y-pan-bol\/","title":{"rendered":"Vocal: TCP definir\u00e1 sobre casos del MTS y PAN-Bol"},"content":{"rendered":"\n<p><em>La Sala Plena acord\u00f3 priorizar todos los casos relacionados con las elecciones<\/em><\/p>\n\n\n\n<figure class=\"wp-block-image size-full\"><img loading=\"lazy\" decoding=\"async\" width=\"980\" height=\"601\" src=\"https:\/\/stbnoticias.com\/wp-content\/uploads\/2025\/05\/image-1.png\" alt=\"\" class=\"wp-image-10771\" srcset=\"https:\/\/stbnoticias.com\/wp-content\/uploads\/2025\/05\/image-1.png 980w, https:\/\/stbnoticias.com\/wp-content\/uploads\/2025\/05\/image-1-300x184.png 300w, https:\/\/stbnoticias.com\/wp-content\/uploads\/2025\/05\/image-1-768x471.png 768w\" sizes=\"auto, (max-width: 980px) 100vw, 980px\" \/><\/figure>\n\n\n\n<p>El vocal del Tribunal Supremo Electoral (TSE) Tahuichi Tahuichi Quispe afirm\u00f3 que el Tribunal Constitucional Plurinacional (TCP) tendr\u00e1 la \u00faltima palabra sobre los recientes fallos judiciales relacionados con el Movimiento Tercer Sistema (MTS) y el Partido Acci\u00f3n Nacional Boliviano (PAN-Bol). Entretanto, un grupo de militantes \u2018evistas\u2019 instal\u00f3 este martes una vigilia en puertas del TCP, en Sucre, donde exigen que se d\u00e9 viabilidad a la candidatura de Evo Morales por PAN-Bol para las elecciones generales.<\/p>\n\n\n\n<p>El lunes la justicia constitucional emiti\u00f3 un fallo favorable a PAN-Bol y otro desfavorable al MTS, ambos concernientes a la personalidad jur\u00eddica de estas organizaciones pol\u00edticas y a su intenci\u00f3n de participar en los comicios de agosto.&nbsp;<\/p>\n\n\n\n<p>La l\u00edder de PAN-Bol, Ruth Nina, y el expresidente Evo Morales, quien pretende presentarse a las elecciones con esa sigla, celebraron la resoluci\u00f3n sobre su partido, mientras queAndr\u00f3nico Rodr\u00edguez, quien buscaba postular a la presidencia por el MTS, rechaz\u00f3 la determinaci\u00f3n judicial contra esa fuerza pol\u00edtica.<\/p>\n\n\n\n<p>Quispe remarc\u00f3 que la \u00faltima palabra sobre las resoluciones judiciales en cuesti\u00f3n la tendr\u00e1 el TCP. \u201cAh\u00ed tendr\u00e1n la \u00faltima palabra\u201d, declar\u00f3 a Cadena A.<\/p>\n\n\n\n<p>Seg\u00fan los plazos procesales, una vez que las salas constitucionales se pronuncian, estas decisiones deben ser remitidas en un plazo de 24 horas al TCP que, en revisi\u00f3n y luego de ser admitidas y sorteadas a un magistrado relator que proyectar\u00e1 los fallos, se pronunciar\u00e1 con sentencias de fondo.&nbsp;<\/p>\n\n\n\n<p>La Sala Plena del TCP acord\u00f3 priorizar el sorteo de los recursos vinculados a las elecciones generales y que sus sentencias no afectar\u00e1n al calendario electoral.<\/p>\n\n\n\n<p><strong>VIGILIA<\/strong><\/p>\n\n\n\n<p>En Sucre, seguidores de Morales instalaron una vigilia en puertas del TCP. \u201cSe ha decidido, con las bases, hacer un mitin y vigilia permanente. A partir de hoy (martes), empezamos con esto hasta que los prorrogados den viabilidad a la democracia\u201d, indic\u00f3 el dirigente evista Hern\u00e1n Ayll\u00f3n, en referencia a la inscripci\u00f3n de la candidatura de Morales por parte del TSE.&nbsp;<\/p>\n\n\n\n<p>En los carteles de los manifestantes se le\u00eda el anuncio del inicio de un primer piquete de huelga de hambre y la exigencia de renuncia de los magistrados prorrogados del TCP. Este diario conoci\u00f3 anoche que al menos tres personas decidieron someterse a la extrema medide de protesta.<\/p>\n","protected":false},"excerpt":{"rendered":"<p>La Sala Plena acord\u00f3 priorizar todos los casos relacionados con las elecciones El vocal del Tribunal Supremo Electoral (TSE) Tahuichi Tahuichi Quispe afirm\u00f3 que el Tribunal Constitucional Plurinacional (TCP) tendr\u00e1 la \u00faltima palabra sobre los recientes fallos judiciales relacionados con el Movimiento Tercer Sistema (MTS) y el Partido Acci\u00f3n Nacional Boliviano (PAN-Bol). Entretanto, un grupo [&hellip;]<\/p>\n","protected":false},"author":1,"featured_media":10771,"comment_status":"closed","ping_status":"closed","sticky":false,"template":"","format":"standard","meta":{"fifu_image_url":"","fifu_image_alt":"","footnotes":""},"categories":[22,56],"tags":[],"class_list":["post-10770","post","type-post","status-publish","format-standard","has-post-thumbnail","hentry","category-bolivia","category-seguridad"],"_links":{"self":[{"href":"https:\/\/stbnoticias.com\/index.php\/wp-json\/wp\/v2\/posts\/10770","targetHints":{"allow":["GET"]}}],"collection":[{"href":"https:\/\/stbnoticias.com\/index.php\/wp-json\/wp\/v2\/posts"}],"about":[{"href":"https:\/\/stbnoticias.com\/index.php\/wp-json\/wp\/v2\/types\/post"}],"author":[{"embeddable":true,"href":"https:\/\/stbnoticias.com\/index.php\/wp-json\/wp\/v2\/users\/1"}],"replies":[{"embeddable":true,"href":"https:\/\/stbnoticias.com\/index.php\/wp-json\/wp\/v2\/comments?post=10770"}],"version-history":[{"count":1,"href":"https:\/\/stbnoticias.com\/index.php\/wp-json\/wp\/v2\/posts\/10770\/revisions"}],"predecessor-version":[{"id":10772,"href":"https:\/\/stbnoticias.com\/index.php\/wp-json\/wp\/v2\/posts\/10770\/revisions\/10772"}],"wp:featuredmedia":[{"embeddable":true,"href":"https:\/\/stbnoticias.com\/index.php\/wp-json\/wp\/v2\/media\/10771"}],"wp:attachment":[{"href":"https:\/\/stbnoticias.com\/index.php\/wp-json\/wp\/v2\/media?parent=10770"}],"wp:term":[{"taxonomy":"category","embeddable":true,"href":"https:\/\/stbnoticias.com\/index.php\/wp-json\/wp\/v2\/categories?post=10770"},{"taxonomy":"post_tag","embeddable":true,"href":"https:\/\/stbnoticias.com\/index.php\/wp-json\/wp\/v2\/tags?post=10770"}],"curies":[{"name":"wp","href":"https:\/\/api.w.org\/{rel}","templated":true}]}}