{"id":10773,"date":"2025-05-28T09:50:57","date_gmt":"2025-05-28T13:50:57","guid":{"rendered":"https:\/\/stbnoticias.com\/?p=10773"},"modified":"2025-05-28T09:50:57","modified_gmt":"2025-05-28T13:50:57","slug":"tras-nuevo-reves-judicial-andronico-se-acerca-a-ucs","status":"publish","type":"post","link":"https:\/\/stbnoticias.com\/index.php\/2025\/05\/28\/tras-nuevo-reves-judicial-andronico-se-acerca-a-ucs\/","title":{"rendered":"Tras nuevo rev\u00e9s judicial, Andr\u00f3nico se acerca a UCS"},"content":{"rendered":"\n<p><em>Justicia concedi\u00f3 la tutela a la exesposa de F\u00e9lix Patzi y Rodr\u00edguez se queda en la incertidumbre<\/em><\/p>\n\n\n\n<figure class=\"wp-block-image size-full\"><img loading=\"lazy\" decoding=\"async\" width=\"980\" height=\"652\" src=\"https:\/\/stbnoticias.com\/wp-content\/uploads\/2025\/05\/image-2.png\" alt=\"\" class=\"wp-image-10774\" srcset=\"https:\/\/stbnoticias.com\/wp-content\/uploads\/2025\/05\/image-2.png 980w, https:\/\/stbnoticias.com\/wp-content\/uploads\/2025\/05\/image-2-300x200.png 300w, https:\/\/stbnoticias.com\/wp-content\/uploads\/2025\/05\/image-2-768x511.png 768w\" sizes=\"auto, (max-width: 980px) 100vw, 980px\" \/><\/figure>\n\n\n\n<p>Tras un nuevo rev\u00e9s judicial, los seguidores de Andr\u00f3nico Rodr\u00edguez convocaron a una concentraci\u00f3n para este viernes en El Alto, donde definir\u00e1n el futuro pol\u00edtico del Presidente del Senado. No obstante, sus allegados tambi\u00e9n est\u00e1n considerando otras alternativas, como utilizar la sigla de UCS para participar en las elecciones del 17 de agosto.<\/p>\n\n\n\n<p>El senador William T\u00f3rrez, del ala \u201candroniquista\u201d, afirm\u00f3 este martes, tras los fallos que inhabilitan a MTS, que una de las opciones para la postulaci\u00f3n de Rodr\u00edguez es Unidad C\u00edvica Solidaridad (UCS), del alcalde Jhonny Fern\u00e1ndez.<\/p>\n\n\n\n<p>\u201cNo puedo adelantar nada; por supuesto, esa es una de las varias opciones con las que se cuenta. Eso merece la valoraci\u00f3n porque vamos a ir a ganar, tenemos al candidato ganador\u201d, indic\u00f3 T\u00f3rrez al ser consultado por el partido cruce\u00f1o y agreg\u00f3 que todo se definir\u00e1 en las pr\u00f3ximas horas.<\/p>\n\n\n\n<p>Tambi\u00e9n dijo que se eval\u00faa la situaci\u00f3n de la candidatura vicepresidencial de Mariana Prado, que fue cuestionada por sectores feministas. \u201cNada est\u00e1 escrito en piedra. Mariana Prado ha sido objeto de cuestionamiento, ese aspecto tambi\u00e9n se va a valorar y se escuchar\u00e1 al pueblo\u201d, dijo. Asever\u00f3 que Rodr\u00edguez \u201cva a ser candidato, sin duda\u201d y que muy pronto \u201cel pueblo sabr\u00e1 cu\u00e1l es la opci\u00f3n\u201d.<\/p>\n\n\n\n<p>El alcalde Jhonny Fern\u00e1ndez dijo, el pasado 8 de mayo, que no descart\u00f3 acuerdos con Rodr\u00edguez o Eva Copa y asever\u00f3 que incluso podr\u00eda dejar su candidatura para dar paso a otro postulante.<\/p>\n\n\n\n<p><strong>REV\u00c9S JUDICIAL<\/strong><\/p>\n\n\n\n<p>La Alianza Popular, liderada por Andr\u00f3nico Rodr\u00edguez, sufri\u00f3 un segundo rev\u00e9s judicial. La Sala Constitucional de La Paz concedi\u00f3 tutela a Maziel Terrazas, quien denunci\u00f3 al MTS por su expulsi\u00f3n irregular y la falta de renovaci\u00f3n de la directiva del partido.&nbsp;<\/p>\n\n\n\n<p>En la audiencia que se realiz\u00f3 este martes, en una de las resoluciones, se dispuso anular las disposiciones del primer congreso del MTS, en el que se realiz\u00f3 la elecci\u00f3n de la directiva, hasta que se resuelvan las observaciones que ten\u00eda.<\/p>\n\n\n\n<p><strong>AMPLIADO EL VIERNES<\/strong><\/p>\n\n\n\n<p>Sectores sociales afines a Andr\u00f3nico Rodr\u00edguez convocaron a una concentraci\u00f3n para este viernes en la ciudad de El Alto, donde se definir\u00e1 el futuro de su candidatura presidencial.<\/p>\n\n\n\n<p>El denominado Pacto Popular, que aglutina a sectores afines a Rodr\u00edguez, convoc\u00f3 al encuentro para tomar decisiones tras los dos fallos de salas constitucionales que dejaron fuera de carrera al MTS, base jur\u00eddica de Alianza Popular, que postulaba al actual presidente del Senado.<\/p>\n\n\n\n<p><strong>VIGENCIA<\/strong><\/p>\n\n\n\n<p>El l\u00edder del MTS, F\u00e9lix Patzi, afirm\u00f3 este martes que la Alianza Popular contin\u00faa vigente, aunque dej\u00f3 que Andr\u00f3nico Rodr\u00edguez decida si continuar\u00e1 formando parte de la agrupaci\u00f3n o si decide ir por otro frente pol\u00edtico.<\/p>\n\n\n\n<p><\/p>\n","protected":false},"excerpt":{"rendered":"<p>Justicia concedi\u00f3 la tutela a la exesposa de F\u00e9lix Patzi y Rodr\u00edguez se queda en la incertidumbre Tras un nuevo rev\u00e9s judicial, los seguidores de Andr\u00f3nico Rodr\u00edguez convocaron a una concentraci\u00f3n para este viernes en El Alto, donde definir\u00e1n el futuro pol\u00edtico del Presidente del Senado. No obstante, sus allegados tambi\u00e9n est\u00e1n considerando otras alternativas, [&hellip;]<\/p>\n","protected":false},"author":1,"featured_media":10774,"comment_status":"closed","ping_status":"closed","sticky":false,"template":"","format":"standard","meta":{"fifu_image_url":"","fifu_image_alt":"","footnotes":""},"categories":[22,30],"tags":[],"class_list":["post-10773","post","type-post","status-publish","format-standard","has-post-thumbnail","hentry","category-bolivia","category-politica"],"_links":{"self":[{"href":"https:\/\/stbnoticias.com\/index.php\/wp-json\/wp\/v2\/posts\/10773","targetHints":{"allow":["GET"]}}],"collection":[{"href":"https:\/\/stbnoticias.com\/index.php\/wp-json\/wp\/v2\/posts"}],"about":[{"href":"https:\/\/stbnoticias.com\/index.php\/wp-json\/wp\/v2\/types\/post"}],"author":[{"embeddable":true,"href":"https:\/\/stbnoticias.com\/index.php\/wp-json\/wp\/v2\/users\/1"}],"replies":[{"embeddable":true,"href":"https:\/\/stbnoticias.com\/index.php\/wp-json\/wp\/v2\/comments?post=10773"}],"version-history":[{"count":1,"href":"https:\/\/stbnoticias.com\/index.php\/wp-json\/wp\/v2\/posts\/10773\/revisions"}],"predecessor-version":[{"id":10775,"href":"https:\/\/stbnoticias.com\/index.php\/wp-json\/wp\/v2\/posts\/10773\/revisions\/10775"}],"wp:featuredmedia":[{"embeddable":true,"href":"https:\/\/stbnoticias.com\/index.php\/wp-json\/wp\/v2\/media\/10774"}],"wp:attachment":[{"href":"https:\/\/stbnoticias.com\/index.php\/wp-json\/wp\/v2\/media?parent=10773"}],"wp:term":[{"taxonomy":"category","embeddable":true,"href":"https:\/\/stbnoticias.com\/index.php\/wp-json\/wp\/v2\/categories?post=10773"},{"taxonomy":"post_tag","embeddable":true,"href":"https:\/\/stbnoticias.com\/index.php\/wp-json\/wp\/v2\/tags?post=10773"}],"curies":[{"name":"wp","href":"https:\/\/api.w.org\/{rel}","templated":true}]}}