{"id":10777,"date":"2025-05-30T20:51:11","date_gmt":"2025-05-31T00:51:11","guid":{"rendered":"https:\/\/stbnoticias.com\/?p=10777"},"modified":"2025-05-30T20:51:14","modified_gmt":"2025-05-31T00:51:14","slug":"evismo-pide-disculpas-por-declaraciones-de-su-dirigente-contra-vocales-del-tse","status":"publish","type":"post","link":"https:\/\/stbnoticias.com\/index.php\/2025\/05\/30\/evismo-pide-disculpas-por-declaraciones-de-su-dirigente-contra-vocales-del-tse\/","title":{"rendered":"Evismo pide disculpas por declaraciones de su dirigente contra vocales del TSE"},"content":{"rendered":"\n<p>El vocero se\u00f1al\u00f3 tanto Hassenteufel como Tahuichi deben \u201csentirse seguros\u201d, porque cuentan con la protecci\u00f3n del Estado y ninguna de las organizaciones sociales va a atacar o atentar contra su familia.<\/p>\n\n\n\n<figure class=\"wp-block-image size-full\"><img loading=\"lazy\" decoding=\"async\" width=\"992\" height=\"558\" src=\"https:\/\/stbnoticias.com\/wp-content\/uploads\/2025\/05\/2025053018285893060.webp\" alt=\"\" class=\"wp-image-10778\" srcset=\"https:\/\/stbnoticias.com\/wp-content\/uploads\/2025\/05\/2025053018285893060.webp 992w, https:\/\/stbnoticias.com\/wp-content\/uploads\/2025\/05\/2025053018285893060-300x169.webp 300w, https:\/\/stbnoticias.com\/wp-content\/uploads\/2025\/05\/2025053018285893060-768x432.webp 768w\" sizes=\"auto, (max-width: 992px) 100vw, 992px\" \/><\/figure>\n\n\n\n<p>La agrupaci\u00f3n Evo Pueblo ha pedido disculpas por las declaraciones de su dirigente Enrique Mamani, quien difundi\u00f3 las direcciones de los domicilios de los &nbsp;vocales electorales \u00d3scar Hassenteufel y Tahuichi Tahuichi Quispe, a tiempo de advertirles con identificar a su familia, en el marco de las medidas de presi\u00f3n para que habiliten la postulaci\u00f3n de Evo Morales.<\/p>\n\n\n\n<p>\u201cQueremos pedir disculpas por la declaraci\u00f3n que ha emitido nuestro dirigente de Enrique Mamani el d\u00eda de ayer. La lucha de los movimientos sociales no es en contra de los familiares de las autoridades de gobierno. Sabemos que todos tenemos familia, hijos, sobrinos, etc\u00e9tera. Nuestra lucha, nuestra reivindicaci\u00f3n no es contra personas, es contra la institucionalidad\u201d, afirm\u00f3 el vocero de Evo Pueblo, Omar Ram\u00edrez.<\/p>\n\n\n\n<p>El vocero se\u00f1al\u00f3 tanto Hassenteufel como Tahuichi deben \u201csentirse seguros\u201d, porque cuentan con la protecci\u00f3n del Estado y ninguna de las organizaciones sociales va a atacar o atentar contra su familia.<\/p>\n\n\n\n<p>Los \u201cevistas\u201d se movilizan desde el lunes en protesta por la crisis econ\u00f3mica y la exclusi\u00f3n de Evo Morales de la carrera electoral. Consideran que al impedirse la candidatura del expresidente, se vulneran los derechos de millones de personas para elegir a su gobernante.<\/p>\n\n\n\n<p>Si bien se pidi\u00f3 disculpas de parte de Evo Pueblo, la representante Wilma Alanoca pidi\u00f3 a los vocales que no usen este tema como excusa, porque ellos cuentan con la protecci\u00f3n del aparato gubernamental.<\/p>\n\n\n\n<p>Pidi\u00f3 a los vocales que hagan un examen de conciencia y resuelvan este problema que est\u00e1 en manos del Tribunal Supremo Electoral.<\/p>\n\n\n\n<p>Los \u201cevistas\u201d intentaron postular a Morales mediante PAN-BOL, sin embargo, el TSE determin\u00f3 cancelar la personer\u00eda jur\u00eddica de ese partido. Posteriormente una Sala Constitucional determin\u00f3 dejar en suspenso esa sanci\u00f3n, pero de todas maneras el \u00d3rgano Electoral rechaz\u00f3 recibir la lista de postulantes, puesto que ya hab\u00eda concluido el plazo respectivo. &nbsp;&nbsp;&nbsp;<\/p>\n","protected":false},"excerpt":{"rendered":"<p>El vocero se\u00f1al\u00f3 tanto Hassenteufel como Tahuichi deben \u201csentirse seguros\u201d, porque cuentan con la protecci\u00f3n del Estado y ninguna de las organizaciones sociales va a atacar o atentar contra su familia. La agrupaci\u00f3n Evo Pueblo ha pedido disculpas por las declaraciones de su dirigente Enrique Mamani, quien difundi\u00f3 las direcciones de los domicilios de los [&hellip;]<\/p>\n","protected":false},"author":1,"featured_media":10778,"comment_status":"closed","ping_status":"closed","sticky":false,"template":"","format":"standard","meta":{"fifu_image_url":"","fifu_image_alt":"","footnotes":""},"categories":[57],"tags":[],"class_list":["post-10777","post","type-post","status-publish","format-standard","has-post-thumbnail","hentry","category-coyuntura"],"_links":{"self":[{"href":"https:\/\/stbnoticias.com\/index.php\/wp-json\/wp\/v2\/posts\/10777","targetHints":{"allow":["GET"]}}],"collection":[{"href":"https:\/\/stbnoticias.com\/index.php\/wp-json\/wp\/v2\/posts"}],"about":[{"href":"https:\/\/stbnoticias.com\/index.php\/wp-json\/wp\/v2\/types\/post"}],"author":[{"embeddable":true,"href":"https:\/\/stbnoticias.com\/index.php\/wp-json\/wp\/v2\/users\/1"}],"replies":[{"embeddable":true,"href":"https:\/\/stbnoticias.com\/index.php\/wp-json\/wp\/v2\/comments?post=10777"}],"version-history":[{"count":1,"href":"https:\/\/stbnoticias.com\/index.php\/wp-json\/wp\/v2\/posts\/10777\/revisions"}],"predecessor-version":[{"id":10779,"href":"https:\/\/stbnoticias.com\/index.php\/wp-json\/wp\/v2\/posts\/10777\/revisions\/10779"}],"wp:featuredmedia":[{"embeddable":true,"href":"https:\/\/stbnoticias.com\/index.php\/wp-json\/wp\/v2\/media\/10778"}],"wp:attachment":[{"href":"https:\/\/stbnoticias.com\/index.php\/wp-json\/wp\/v2\/media?parent=10777"}],"wp:term":[{"taxonomy":"category","embeddable":true,"href":"https:\/\/stbnoticias.com\/index.php\/wp-json\/wp\/v2\/categories?post=10777"},{"taxonomy":"post_tag","embeddable":true,"href":"https:\/\/stbnoticias.com\/index.php\/wp-json\/wp\/v2\/tags?post=10777"}],"curies":[{"name":"wp","href":"https:\/\/api.w.org\/{rel}","templated":true}]}}