{"id":10780,"date":"2025-06-02T14:33:01","date_gmt":"2025-06-02T18:33:01","guid":{"rendered":"https:\/\/stbnoticias.com\/?p=10780"},"modified":"2025-06-02T14:33:01","modified_gmt":"2025-06-02T18:33:01","slug":"jhonny-copa-y-patzi-perfilan-union-en-torno-a-andronico-buscan-ganar-en-primera-vuelta","status":"publish","type":"post","link":"https:\/\/stbnoticias.com\/index.php\/2025\/06\/02\/jhonny-copa-y-patzi-perfilan-union-en-torno-a-andronico-buscan-ganar-en-primera-vuelta\/","title":{"rendered":"Jhonny, Copa y Patzi perfilan uni\u00f3n en torno a Andr\u00f3nico; buscan ganar en primera vuelta"},"content":{"rendered":"\n<p>Hubo dos reuniones clave el fin de semana. Una, el s\u00e1bado, y otra, ayer. Ambas, en Santa Cruz. Se gesta un bloque popular. Seg\u00fan F\u00e9lix Patzi, Jorge Richter tiene inter\u00e9s en ser el vice.<\/p>\n\n\n\n<figure class=\"wp-block-image size-full\"><img loading=\"lazy\" decoding=\"async\" width=\"992\" height=\"558\" src=\"https:\/\/stbnoticias.com\/wp-content\/uploads\/2025\/06\/2025060200222261495.webp\" alt=\"\" class=\"wp-image-10781\" srcset=\"https:\/\/stbnoticias.com\/wp-content\/uploads\/2025\/06\/2025060200222261495.webp 992w, https:\/\/stbnoticias.com\/wp-content\/uploads\/2025\/06\/2025060200222261495-300x169.webp 300w, https:\/\/stbnoticias.com\/wp-content\/uploads\/2025\/06\/2025060200222261495-768x432.webp 768w\" sizes=\"auto, (max-width: 992px) 100vw, 992px\" \/><\/figure>\n\n\n\n<p>Jhonny Fern\u00e1ndez, Eva Copa, F\u00e9lix Patzi y Andr\u00f3nico Rodr\u00edguez est\u00e1n muy cerca de estrechar sus manos y dar paso al nacimiento de un \u201cbloque popular\u201d que le haga frente en las urnas a pol\u00edticos de corte tradicional.<\/p>\n\n\n\n<p>Todo se allan\u00f3 entre el s\u00e1bado y domingo, en dos reuniones que fueron clave para las aspiraciones del grupo con el foco puesto en las elecciones del 17 de agosto. La casa de Jhonny Fern\u00e1ndez, alcalde de Santa Cruz de la Sierra, fue el epicentro de las negociaciones. Y aunque los encuentros tuvieron un tinte herm\u00e9tico, con la danza de veh\u00edculos con vidrios polarizados entrando y saliendo de la vivienda del burgomaestre, finalmente Patzi, uno de los actores pol\u00edticos protagonistas, no tuvo problemas en contar la interna, bastante provechosa.<\/p>\n\n\n\n<p>A decir de Patzi, presidente del Movimiento Tercer Sistema (MTS), hay mucha voluntad entre su partido, la Uni\u00f3n C\u00edvica Solidaridad (UCS), de Jhonny, y Morena, de Copa, para que se consolide la fusi\u00f3n, pero con una condici\u00f3n innegociable: que Andr\u00f3nico sea el candidato a presidente del bloque. Es m\u00e1s. Seg\u00fan su versi\u00f3n, todos han quedado de acuerdo en ese punto. Andr\u00f3nico, en consecuencia, es intocable.<\/p>\n\n\n\n<p>Sobre el s\u00e1bado, Patzi relat\u00f3 lo siguiente, en una entrevista informal con Pepe Pomacusi: \u201cHemos analizado la coyuntura del pa\u00eds. Ha sido la reuni\u00f3n m\u00e1s importante para poder construir un bloque de unidad para este 17 de agosto. Andr\u00f3nico, todos hemos consensuado. No hay discusi\u00f3n alguna; \u00e9l debe ir como candidato a la Presidencia\u201d.<\/p>\n\n\n\n<p>En el encuentro sabatino estuvieron Rodr\u00edguez, Copa, Jorge Richter, Jhonny y Patzi, conforme al dato brindado por el dirigente.<\/p>\n\n\n\n<p>Hasta hace unos d\u00edas, todo parec\u00eda indicar que el puesto para la Vicepresidencia ocupado por Mariana Prado no sufrir\u00eda cambios. Sin embargo, se abren las posibilidades. Y en ese juego podr\u00eda entrar el exvocero presidencial Richter, quien, seg\u00fan Patzi, tiene inter\u00e9s en ser parte del binomio junto a Andr\u00f3nico.<\/p>\n\n\n\n<p>El domingo continuaron las conversaciones, aunque ya no con el titular del Senado ni con Copa, sino con personeros de Morena y la Alianza Popular.<\/p>\n\n\n\n<p>\u201cNos hemos reunido con UCS, hemos encaminado con Morena. Ojal\u00e1 haya otros m\u00e1s. No hemos logrado en su momento (la unificaci\u00f3n), pero ahora, viendo un poco la necesidad hist\u00f3rica en este momento complicado, estamos haci\u00e9ndolo\u201d, indic\u00f3 Patzi, a un periodista de DTV, tras visitar la casa de Jhonny.<\/p>\n\n\n\n<p>Curiosamente, Patzi cont\u00f3 que existen acercamientos con organizaciones ligadas al \u201cevismo\u201d y que es necesario darle continuidad al proceso iniciado en 2005.<\/p>\n\n\n\n<p>\u201cDebo reconocer que hay ciertas organizaciones del \u2018evismo\u2019. Estamos acerc\u00e1ndonos con ellas para poder construir, en el sentido de que hay que profundizar este proceso. El ciclo hist\u00f3rico iniciado en 2005 no ha terminado. Lo veo como una segunda oportunidad para relanzar la construcci\u00f3n de instituciones inclusivas, plurales y heterog\u00e9neas\u201d, dijo.<\/p>\n\n\n\n<p>El dirigente espera que se selle el acuerdo hasta este mi\u00e9rcoles o jueves.<\/p>\n\n\n\n<h2 class=\"wp-block-heading\"><strong>ANDR\u00d3NICO PIDE UNIDAD VERDADERA<\/strong><\/h2>\n\n\n\n<p>Aunque no particip\u00f3 del encuentro en la casa del alcalde cruce\u00f1o, Andr\u00f3nico s\u00ed se pronunci\u00f3 en redes sociales aplaudiendo las \u201cse\u00f1ales\u201d de unidad.<\/p>\n\n\n\n<p>Sin hacer menci\u00f3n directa, el titular del Senado reflexion\u00f3 lo siguiente: \u201cHay se\u00f1ales de unidad, y saludamos este desprendimiento de diferentes sectores. Sin embargo, reiteramos: no hay otro camino que no sea la unidad verdadera de todas las organizaciones y movimientos sociales de Bolivia. Hasta el momento hemos avanzado por diferentes vertientes, pero ahora es momento de encontrarnos en un solo cauce. M\u00e1s all\u00e1 de los conflictos de intereses por candidaturas, hacemos un llamado a la unidad por la patria y en torno a una agenda program\u00e1tica integral que plantee respuestas y soluciones estructurales para el pa\u00eds\u201d.<\/p>\n\n\n\n<h2 class=\"wp-block-heading\"><strong>EVO, CON LAS PUERTAS ABIERTAS<\/strong><\/h2>\n\n\n\n<p>En el posible bloque que se perfila Evo Morales tendr\u00eda las puertas abiertas, del mismo modo que sus organizaciones. Sin embargo, el excocalero no ir\u00eda como candidato para presidente ni vicepresidente. Podr\u00eda sugerir postulaciones. Pero no mucho m\u00e1s.<\/p>\n\n\n\n<h2 class=\"wp-block-heading\"><strong>JHONNY APUNTA A PRIMERA VUELTA<\/strong><\/h2>\n\n\n\n<p>El objetivo del bloque es no necesitar el balotaje para vencer en las urnas. El alcalde Fern\u00e1ndez reconoci\u00f3 que se encuentran en reuniones permanentes para acrecentar la espalda del grupo.<\/p>\n\n\n\n<p>\u201cSeguimos aglutinando fuerzas, de eso se trata, de que se pueda acumular m\u00e1s aliados dentro de este frente de unidad popular que est\u00e1 creciendo d\u00eda a d\u00eda\u201d, sostuvo el que ofici\u00f3 de anfitri\u00f3n.<\/p>\n\n\n\n<p>Consultado sobre el ingreso de Evo al bloque, Fern\u00e1ndez apunt\u00f3 que existe una comisi\u00f3n que se encarga de ir analizando \u201cqui\u00e9nes s\u00ed y qui\u00e9nes no\u201d. De todos modos, no lo descart\u00f3.<\/p>\n\n\n\n<p>\u201cNo se contempl\u00f3 nada de Evo Morales ni otros actores, primero el binomio. No puedo hablar de este tema porque hay una comisi\u00f3n que trabaja en ese tema. Ellos (los integrantes) son los que deben ir viendo qui\u00e9nes s\u00ed y qui\u00e9nes no. Lo importante es que hay sectores regionales que est\u00e1n en este frente. La idea de este frente es ganar en primera vuelta\u201d.<\/p>\n","protected":false},"excerpt":{"rendered":"<p>Hubo dos reuniones clave el fin de semana. Una, el s\u00e1bado, y otra, ayer. Ambas, en Santa Cruz. Se gesta un bloque popular. Seg\u00fan F\u00e9lix Patzi, Jorge Richter tiene inter\u00e9s en ser el vice. Jhonny Fern\u00e1ndez, Eva Copa, F\u00e9lix Patzi y Andr\u00f3nico Rodr\u00edguez est\u00e1n muy cerca de estrechar sus manos y dar paso al nacimiento [&hellip;]<\/p>\n","protected":false},"author":1,"featured_media":10781,"comment_status":"closed","ping_status":"closed","sticky":false,"template":"","format":"standard","meta":{"fifu_image_url":"","fifu_image_alt":"","footnotes":""},"categories":[57],"tags":[],"class_list":["post-10780","post","type-post","status-publish","format-standard","has-post-thumbnail","hentry","category-coyuntura"],"_links":{"self":[{"href":"https:\/\/stbnoticias.com\/index.php\/wp-json\/wp\/v2\/posts\/10780","targetHints":{"allow":["GET"]}}],"collection":[{"href":"https:\/\/stbnoticias.com\/index.php\/wp-json\/wp\/v2\/posts"}],"about":[{"href":"https:\/\/stbnoticias.com\/index.php\/wp-json\/wp\/v2\/types\/post"}],"author":[{"embeddable":true,"href":"https:\/\/stbnoticias.com\/index.php\/wp-json\/wp\/v2\/users\/1"}],"replies":[{"embeddable":true,"href":"https:\/\/stbnoticias.com\/index.php\/wp-json\/wp\/v2\/comments?post=10780"}],"version-history":[{"count":1,"href":"https:\/\/stbnoticias.com\/index.php\/wp-json\/wp\/v2\/posts\/10780\/revisions"}],"predecessor-version":[{"id":10782,"href":"https:\/\/stbnoticias.com\/index.php\/wp-json\/wp\/v2\/posts\/10780\/revisions\/10782"}],"wp:featuredmedia":[{"embeddable":true,"href":"https:\/\/stbnoticias.com\/index.php\/wp-json\/wp\/v2\/media\/10781"}],"wp:attachment":[{"href":"https:\/\/stbnoticias.com\/index.php\/wp-json\/wp\/v2\/media?parent=10780"}],"wp:term":[{"taxonomy":"category","embeddable":true,"href":"https:\/\/stbnoticias.com\/index.php\/wp-json\/wp\/v2\/categories?post=10780"},{"taxonomy":"post_tag","embeddable":true,"href":"https:\/\/stbnoticias.com\/index.php\/wp-json\/wp\/v2\/tags?post=10780"}],"curies":[{"name":"wp","href":"https:\/\/api.w.org\/{rel}","templated":true}]}}