{"id":10790,"date":"2025-06-05T08:56:24","date_gmt":"2025-06-05T12:56:24","guid":{"rendered":"https:\/\/stbnoticias.com\/?p=10790"},"modified":"2025-06-05T08:56:25","modified_gmt":"2025-06-05T12:56:25","slug":"tsj-sienta-denuncia-ante-amenaza-evista-y-justicia-garantiza-comicios","status":"publish","type":"post","link":"https:\/\/stbnoticias.com\/index.php\/2025\/06\/05\/tsj-sienta-denuncia-ante-amenaza-evista-y-justicia-garantiza-comicios\/","title":{"rendered":"TSJ SIENTA DENUNCIA ANTE AMENAZA \u2018EVISTA\u2019 Y JUSTICIA GARANTIZA COMICIOS"},"content":{"rendered":"\n<p>El video en el que aparece un sujeto con el rostro cubierto por una capucha y las <a><\/a>manos cruzadas, intentando generar zozobra entre las autoridades para que se dejen invadir por el miedo y habiliten a la fuerza a Evo Morales, lejos de ser tomado como un material m\u00e1s en internet, caus\u00f3 reacciones al interior del Tribunal Supremo de Justicia (TSJ).<\/p>\n\n\n\n<figure class=\"wp-block-image size-full\"><img loading=\"lazy\" decoding=\"async\" width=\"992\" height=\"558\" src=\"https:\/\/stbnoticias.com\/wp-content\/uploads\/2025\/06\/image-2.png\" alt=\"\" class=\"wp-image-10791\" srcset=\"https:\/\/stbnoticias.com\/wp-content\/uploads\/2025\/06\/image-2.png 992w, https:\/\/stbnoticias.com\/wp-content\/uploads\/2025\/06\/image-2-300x169.png 300w, https:\/\/stbnoticias.com\/wp-content\/uploads\/2025\/06\/image-2-768x432.png 768w\" sizes=\"auto, (max-width: 992px) 100vw, 992px\" \/><\/figure>\n\n\n\n<p>Los magistrados salieron al frente ayer para confirmar que tomaron conocimiento del material. Lo recibieron y concluyeron que guardar\u00eda relaci\u00f3n con grupos subversivos que quieren presionar, por todas las v\u00edas posibles, la postulaci\u00f3n del expresidente en las votaciones del 17 de agosto.<\/p>\n\n\n\n<p>\u201cVamos a hacer prevalecer la institucionalidad a la cual representamos, para lo cual, concluyendo esta conferencia, estamos yendo a presentar la denuncia ante la Fiscal\u00eda Departamental de Chuquisaca contra presuntos autores para que inicien las investigaciones correspondientes\u201d, expuso el titular del TSJ, Romer Saucedo, quien, de paso, avis\u00f3 que no se dejar\u00e1n intimidar. \u201cA nosotros no nos corren con la vaina del sable, tampoco vamos a permitir que se nos intente intimidar o amedrentar. Estamos ac\u00e1, este es nuestro lugar de trabajo. No nos vamos a esconder. Siempre vamos a estar dando la cara\u201d.<\/p>\n\n\n\n<p>El desaf\u00edo sentado por Saucedo responde al contenido del video, en el que el encapuchado, con la voz distorsionada para no ser reconocido, refiere que \u201csi Evo Morales no participa en las elecciones, no habr\u00e1 elecciones en este pa\u00eds\u201d.<\/p>\n\n\n\n<p>\u201cEsta advertencia va para el Gobierno de Luis Arce, traidor, para el Tribunal Supremo Electoral, para el Tribunal Supremo de Justicia, para el Tribunal Constitucional y para todas las personas que est\u00e1n tratando de evitar que nuestro l\u00edder, Evo Morales, sea candidato, porque Evo es el candidato del pueblo boliviano. Por \u00faltimo, sabemos cu\u00e1ndo y c\u00f3mo el Tribunal Constitucional sesiona. Sabemos c\u00f3mo y cu\u00e1ndo el Tribunal Supremo de Justicia sesiona; sabemos cu\u00e1ndo y c\u00f3mo el Tribunal Supremo Electoral sesiona. Vamos a hacer todo lo posible e imposible para que nuestro l\u00edder sea el candidato del pueblo boliviano \u00a1Viva nuestro l\u00edder indiscutible, Evo Morales!\u201d, se oye decir al amenazador an\u00f3nimo.<\/p>\n\n\n\n<p>A ra\u00edz de ello, los magistrados hicieron efectiva la denuncia por los delitos de instigaci\u00f3n p\u00fablica a delinquir y amenazas. Adem\u00e1s, solicitar\u00e1n que efectivos policiales los resguarden a ellos y a sus familias, de manera que puedan continuar ejerciendo sus labores sin riesgos.<\/p>\n","protected":false},"excerpt":{"rendered":"<p>El video en el que aparece un sujeto con el rostro cubierto por una capucha y las manos cruzadas, intentando generar zozobra entre las autoridades para que se dejen invadir por el miedo y habiliten a la fuerza a Evo Morales, lejos de ser tomado como un material m\u00e1s en internet, caus\u00f3 reacciones al interior [&hellip;]<\/p>\n","protected":false},"author":1,"featured_media":10791,"comment_status":"closed","ping_status":"closed","sticky":false,"template":"","format":"standard","meta":{"fifu_image_url":"","fifu_image_alt":"","footnotes":""},"categories":[22,30],"tags":[],"class_list":["post-10790","post","type-post","status-publish","format-standard","has-post-thumbnail","hentry","category-bolivia","category-politica"],"_links":{"self":[{"href":"https:\/\/stbnoticias.com\/index.php\/wp-json\/wp\/v2\/posts\/10790","targetHints":{"allow":["GET"]}}],"collection":[{"href":"https:\/\/stbnoticias.com\/index.php\/wp-json\/wp\/v2\/posts"}],"about":[{"href":"https:\/\/stbnoticias.com\/index.php\/wp-json\/wp\/v2\/types\/post"}],"author":[{"embeddable":true,"href":"https:\/\/stbnoticias.com\/index.php\/wp-json\/wp\/v2\/users\/1"}],"replies":[{"embeddable":true,"href":"https:\/\/stbnoticias.com\/index.php\/wp-json\/wp\/v2\/comments?post=10790"}],"version-history":[{"count":1,"href":"https:\/\/stbnoticias.com\/index.php\/wp-json\/wp\/v2\/posts\/10790\/revisions"}],"predecessor-version":[{"id":10792,"href":"https:\/\/stbnoticias.com\/index.php\/wp-json\/wp\/v2\/posts\/10790\/revisions\/10792"}],"wp:featuredmedia":[{"embeddable":true,"href":"https:\/\/stbnoticias.com\/index.php\/wp-json\/wp\/v2\/media\/10791"}],"wp:attachment":[{"href":"https:\/\/stbnoticias.com\/index.php\/wp-json\/wp\/v2\/media?parent=10790"}],"wp:term":[{"taxonomy":"category","embeddable":true,"href":"https:\/\/stbnoticias.com\/index.php\/wp-json\/wp\/v2\/categories?post=10790"},{"taxonomy":"post_tag","embeddable":true,"href":"https:\/\/stbnoticias.com\/index.php\/wp-json\/wp\/v2\/tags?post=10790"}],"curies":[{"name":"wp","href":"https:\/\/api.w.org\/{rel}","templated":true}]}}