{"id":10796,"date":"2025-06-05T09:09:43","date_gmt":"2025-06-05T13:09:43","guid":{"rendered":"https:\/\/stbnoticias.com\/?p=10796"},"modified":"2025-06-05T09:09:44","modified_gmt":"2025-06-05T13:09:44","slug":"suman-puntos-de-bloqueo-y-el-pais-sufre-perdidas-millonarias","status":"publish","type":"post","link":"https:\/\/stbnoticias.com\/index.php\/2025\/06\/05\/suman-puntos-de-bloqueo-y-el-pais-sufre-perdidas-millonarias\/","title":{"rendered":"Suman puntos de bloqueo y el pa\u00eds sufre p\u00e9rdidas millonarias"},"content":{"rendered":"\n<p>Choferes de La Paz decidieron ingresar en una huelga de hambre tras realizar una movilizaci\u00f3n en la urbe pace\u00f1a. La Polic\u00eda gasific\u00f3 contra bloqueadores en Cochabamba y Potos\u00ed.<\/p>\n\n\n\n<figure class=\"wp-block-image size-large\"><img loading=\"lazy\" decoding=\"async\" width=\"1024\" height=\"505\" src=\"https:\/\/stbnoticias.com\/wp-content\/uploads\/2025\/06\/image-4-1024x505.png\" alt=\"\" class=\"wp-image-10797\" srcset=\"https:\/\/stbnoticias.com\/wp-content\/uploads\/2025\/06\/image-4-1024x505.png 1024w, https:\/\/stbnoticias.com\/wp-content\/uploads\/2025\/06\/image-4-300x148.png 300w, https:\/\/stbnoticias.com\/wp-content\/uploads\/2025\/06\/image-4-768x379.png 768w, https:\/\/stbnoticias.com\/wp-content\/uploads\/2025\/06\/image-4.png 1123w\" sizes=\"auto, (max-width: 1024px) 100vw, 1024px\" \/><\/figure>\n\n\n\n<p>En el tercer d\u00eda de protestas en el pa\u00eds, la Polic\u00eda intervino, nuevamente, en el sector de Parotani (Cochabamba), donde gasific\u00f3 a bloqueadores que, seg\u00fan reportes de la instituci\u00f3n del orden, hac\u00edan uso de cachorros de dinamita contra sus efectivos.<\/p>\n\n\n\n<p>Asimismo, seg\u00fan un reporte de Urgente.bo, la Polic\u00eda despej\u00f3 un punto de bloqueo instalado en Betanzos, en la ruta Sucre-Potos\u00ed, por parte de la Central Sindical \u00danica de Trabajadores Campesinos Originarios y Quechuas del municipio de Betanzos.<\/p>\n\n\n\n<p>La Polic\u00eda hizo uso de agentes qu\u00edmicos para dispersar a los movilizados y algunos respondieron con piedras y otros objetos.<\/p>\n\n\n\n<p>Sectores afines al expresidente Evo Morales mantienen al menos una veintena de puntos de bloqueo en la ciudad de Cochabamba y aseguran que protestan por la crisis econ\u00f3mica que afecta al pa\u00eds, que se refleja en la escasez de combustibles y de d\u00f3lares, y la subida constante del precio de los alimentos de la canasta familiar.<\/p>\n\n\n\n<p>Por su parte, el gobierno acusa a los afines a Morales que sus medidas de presi\u00f3n buscan imponer por la fuerza la candidatura del expresidente.<\/p>\n\n\n\n<p>La jornada de este mi\u00e9rcoles, la Federaci\u00f3n Mamor\u00e9 Bulo Bulo instal\u00f3 un punto de bloqueo a la altura del puente Ichilo, en la carretera que une a Santa Cruz con Cochabamba, seg\u00fan reporte de El Deber.<\/p>\n\n\n\n<p>El secretario general de la Central Bulo Bulo, Eustaquio Cruz, afirm\u00f3, seg\u00fan El Deber, que si el gobierno no puede solucionar la escasez de combustibles y la subida de los precios de los alimentos de la canasta familiar, pedir\u00e1n \u201cla renuncia del presidente Luis Arce por su incapacidad para enfrentar la crisis\u201d.<\/p>\n\n\n\n<p>Otro punto de bloqueo fue instalado sobre la carretera que vincula a Beni con Santa Cruz, por la Federaci\u00f3n \u00danica de Campesinos de Guarayos, seg\u00fan Red Uno.<\/p>\n\n\n\n<p>Por su parte, el ministro de Gobierno, Roberto R\u00edos, inform\u00f3 que la Polic\u00eda Boliviana restableci\u00f3 el tr\u00e1nsito vehicular en ocho departamentos del pa\u00eds y dijo que Cochabamba es el \u00fanico donde persisten puntos de bloqueo.<\/p>\n\n\n\n<p>R\u00edos exhort\u00f3 a la poblaci\u00f3n a no sumarse a movilizaciones que responden a intereses pol\u00edticos vinculados a la candidatura del dirigente cocalero Evo Morales.<\/p>\n\n\n\n<p>\u201cExhortamos a la poblaci\u00f3n a que no caiga en este tipo de convocatorias que tratan algunos temas, un eje principal que es la candidatura de este personaje que le ha hecho mucho da\u00f1o a nuestro pa\u00eds y sus mismos seguidores y voceros lo anuncian claramente\u201d, precis\u00f3.<\/p>\n","protected":false},"excerpt":{"rendered":"<p>Choferes de La Paz decidieron ingresar en una huelga de hambre tras realizar una movilizaci\u00f3n en la urbe pace\u00f1a. La Polic\u00eda gasific\u00f3 contra bloqueadores en Cochabamba y Potos\u00ed. En el tercer d\u00eda de protestas en el pa\u00eds, la Polic\u00eda intervino, nuevamente, en el sector de Parotani (Cochabamba), donde gasific\u00f3 a bloqueadores que, seg\u00fan reportes de [&hellip;]<\/p>\n","protected":false},"author":1,"featured_media":10797,"comment_status":"closed","ping_status":"closed","sticky":false,"template":"","format":"standard","meta":{"fifu_image_url":"","fifu_image_alt":"","footnotes":""},"categories":[22,30],"tags":[],"class_list":["post-10796","post","type-post","status-publish","format-standard","has-post-thumbnail","hentry","category-bolivia","category-politica"],"_links":{"self":[{"href":"https:\/\/stbnoticias.com\/index.php\/wp-json\/wp\/v2\/posts\/10796","targetHints":{"allow":["GET"]}}],"collection":[{"href":"https:\/\/stbnoticias.com\/index.php\/wp-json\/wp\/v2\/posts"}],"about":[{"href":"https:\/\/stbnoticias.com\/index.php\/wp-json\/wp\/v2\/types\/post"}],"author":[{"embeddable":true,"href":"https:\/\/stbnoticias.com\/index.php\/wp-json\/wp\/v2\/users\/1"}],"replies":[{"embeddable":true,"href":"https:\/\/stbnoticias.com\/index.php\/wp-json\/wp\/v2\/comments?post=10796"}],"version-history":[{"count":1,"href":"https:\/\/stbnoticias.com\/index.php\/wp-json\/wp\/v2\/posts\/10796\/revisions"}],"predecessor-version":[{"id":10798,"href":"https:\/\/stbnoticias.com\/index.php\/wp-json\/wp\/v2\/posts\/10796\/revisions\/10798"}],"wp:featuredmedia":[{"embeddable":true,"href":"https:\/\/stbnoticias.com\/index.php\/wp-json\/wp\/v2\/media\/10797"}],"wp:attachment":[{"href":"https:\/\/stbnoticias.com\/index.php\/wp-json\/wp\/v2\/media?parent=10796"}],"wp:term":[{"taxonomy":"category","embeddable":true,"href":"https:\/\/stbnoticias.com\/index.php\/wp-json\/wp\/v2\/categories?post=10796"},{"taxonomy":"post_tag","embeddable":true,"href":"https:\/\/stbnoticias.com\/index.php\/wp-json\/wp\/v2\/tags?post=10796"}],"curies":[{"name":"wp","href":"https:\/\/api.w.org\/{rel}","templated":true}]}}