{"id":10799,"date":"2025-06-07T20:49:23","date_gmt":"2025-06-08T00:49:23","guid":{"rendered":"https:\/\/stbnoticias.com\/?p=10799"},"modified":"2025-06-07T20:49:23","modified_gmt":"2025-06-08T00:49:23","slug":"arce-anuncia-denuncia-internacional-tras-el-asalto-a-una-ambulancia-por-bloqueadores-evistas","status":"publish","type":"post","link":"https:\/\/stbnoticias.com\/index.php\/2025\/06\/07\/arce-anuncia-denuncia-internacional-tras-el-asalto-a-una-ambulancia-por-bloqueadores-evistas\/","title":{"rendered":"Arce anuncia denuncia internacional tras el \u201casalto\u201d a una ambulancia por bloqueadores evistas"},"content":{"rendered":"\n<p>El presidente del Estado, Luis Arce, anunci\u00f3 que el Gobierno presentar\u00e1 una denuncia internacional luego del \u201casalto\u201d a una ambulancia en un punto de bloqueo evista en Cochabamba. Los manifestantes golpearon a los ocupantes y luego incendiaron el veh\u00edculo.\u00a0<\/p>\n\n\n\n<figure class=\"wp-block-image size-full\"><img loading=\"lazy\" decoding=\"async\" width=\"720\" height=\"359\" src=\"https:\/\/stbnoticias.com\/wp-content\/uploads\/2025\/06\/WhatsApp-Image-2025-06-07-at-1.19.35-PM.jpeg\" alt=\"\" class=\"wp-image-10800\" srcset=\"https:\/\/stbnoticias.com\/wp-content\/uploads\/2025\/06\/WhatsApp-Image-2025-06-07-at-1.19.35-PM.jpeg 720w, https:\/\/stbnoticias.com\/wp-content\/uploads\/2025\/06\/WhatsApp-Image-2025-06-07-at-1.19.35-PM-300x150.jpeg 300w\" sizes=\"auto, (max-width: 720px) 100vw, 720px\" \/><\/figure>\n\n\n\n<p>\u201cDebemos lamentar lo que sucedi\u00f3 anoche, una ambulancia que ha sido pr\u00e1cticamente asaltada con hecho vand\u00e1licos (&#8230;) Esto no se ha visto en ning\u00fan lugar, esto es absolutamente reprochable y vamos a hacer la denuncia internacional al respecto\u201d, dijo Arce en respuesta a los medios de prensa.&nbsp;<\/p>\n\n\n\n<p>El mandatario se\u00f1al\u00f3 que la Polic\u00eda Boliviana continuar\u00e1 con los operativos para lograr la liberaci\u00f3n de las v\u00edas carreteras, sobre todo en Cochabamba, que se encuentra aislada por m\u00e1s de cinco d\u00edas.&nbsp;<\/p>\n\n\n\n<p>Adem\u00e1s, cuestion\u00f3 los argumentos de los manifestantes que exigen la inscripci\u00f3n de Evo Morales Ayma como candidato presidencial, pese a que su candidatura es \u201cinconstitucional\u201d.&nbsp;<\/p>\n\n\n\n<p>\u201cLa Polic\u00eda va a continuar con los operativos para desbloquear las carreteras con el af\u00e1n de, primero, de decir a la gente que deje de bloquear, y posteriormente con lo que sea necesario para llegar al objetivo que se ha planteado la Polic\u00eda y el Gobierno nacional\u201d, agreg\u00f3.&nbsp;<\/p>\n","protected":false},"excerpt":{"rendered":"<p>El presidente del Estado, Luis Arce, anunci\u00f3 que el Gobierno presentar\u00e1 una denuncia internacional luego del \u201casalto\u201d a una ambulancia en un punto de bloqueo evista en Cochabamba. Los manifestantes golpearon a los ocupantes y luego incendiaron el veh\u00edculo.\u00a0 \u201cDebemos lamentar lo que sucedi\u00f3 anoche, una ambulancia que ha sido pr\u00e1cticamente asaltada con hecho vand\u00e1licos [&hellip;]<\/p>\n","protected":false},"author":1,"featured_media":10800,"comment_status":"closed","ping_status":"closed","sticky":false,"template":"","format":"standard","meta":{"fifu_image_url":"","fifu_image_alt":"","footnotes":""},"categories":[57],"tags":[],"class_list":["post-10799","post","type-post","status-publish","format-standard","has-post-thumbnail","hentry","category-coyuntura"],"_links":{"self":[{"href":"https:\/\/stbnoticias.com\/index.php\/wp-json\/wp\/v2\/posts\/10799","targetHints":{"allow":["GET"]}}],"collection":[{"href":"https:\/\/stbnoticias.com\/index.php\/wp-json\/wp\/v2\/posts"}],"about":[{"href":"https:\/\/stbnoticias.com\/index.php\/wp-json\/wp\/v2\/types\/post"}],"author":[{"embeddable":true,"href":"https:\/\/stbnoticias.com\/index.php\/wp-json\/wp\/v2\/users\/1"}],"replies":[{"embeddable":true,"href":"https:\/\/stbnoticias.com\/index.php\/wp-json\/wp\/v2\/comments?post=10799"}],"version-history":[{"count":1,"href":"https:\/\/stbnoticias.com\/index.php\/wp-json\/wp\/v2\/posts\/10799\/revisions"}],"predecessor-version":[{"id":10801,"href":"https:\/\/stbnoticias.com\/index.php\/wp-json\/wp\/v2\/posts\/10799\/revisions\/10801"}],"wp:featuredmedia":[{"embeddable":true,"href":"https:\/\/stbnoticias.com\/index.php\/wp-json\/wp\/v2\/media\/10800"}],"wp:attachment":[{"href":"https:\/\/stbnoticias.com\/index.php\/wp-json\/wp\/v2\/media?parent=10799"}],"wp:term":[{"taxonomy":"category","embeddable":true,"href":"https:\/\/stbnoticias.com\/index.php\/wp-json\/wp\/v2\/categories?post=10799"},{"taxonomy":"post_tag","embeddable":true,"href":"https:\/\/stbnoticias.com\/index.php\/wp-json\/wp\/v2\/tags?post=10799"}],"curies":[{"name":"wp","href":"https:\/\/api.w.org\/{rel}","templated":true}]}}