{"id":10806,"date":"2025-06-09T14:47:37","date_gmt":"2025-06-09T18:47:37","guid":{"rendered":"https:\/\/stbnoticias.com\/?p=10806"},"modified":"2025-06-09T14:47:37","modified_gmt":"2025-06-09T18:47:37","slug":"video-sobre-piedras-y-sin-abrigo-asi-duermen-efectivos-policiales-que-resguardan-parotani","status":"publish","type":"post","link":"https:\/\/stbnoticias.com\/index.php\/2025\/06\/09\/video-sobre-piedras-y-sin-abrigo-asi-duermen-efectivos-policiales-que-resguardan-parotani\/","title":{"rendered":"(Video) \u00abSobre piedras y sin abrigo\u00bb: As\u00ed duermen efectivos policiales que resguardan Parotani"},"content":{"rendered":"\n<p>Efectivos policiales tuvieron que alargar sus turnos tras que iniciaron las movilizaciones \u00abevistas\u00bb.<\/p>\n\n\n\n<figure class=\"wp-block-image size-full\"><img loading=\"lazy\" decoding=\"async\" width=\"800\" height=\"450\" src=\"https:\/\/stbnoticias.com\/wp-content\/uploads\/2025\/06\/1749486860273.webp\" alt=\"\" class=\"wp-image-10807\" srcset=\"https:\/\/stbnoticias.com\/wp-content\/uploads\/2025\/06\/1749486860273.webp 800w, https:\/\/stbnoticias.com\/wp-content\/uploads\/2025\/06\/1749486860273-300x169.webp 300w, https:\/\/stbnoticias.com\/wp-content\/uploads\/2025\/06\/1749486860273-768x432.webp 768w\" sizes=\"auto, (max-width: 800px) 100vw, 800px\" \/><\/figure>\n\n\n\n<p><\/p>\n\n\n\n<p>Un contingente importante de\u00a0<strong>efectivos policiales<\/strong>\u00a0y militares se encuentran\u00a0<strong>resguardando la carretera al occidente del pa\u00eds a la altura de Parotani.\u00a0<\/strong><\/p>\n\n\n\n<p>Miembros de la Polic\u00eda deben dormir en el lugar para\u00a0<strong>impedir que los sectores afines a Evo Morales vuelvan a instalar los bloqueos\u00a0<\/strong>que perjudiquen la transitabilidad en esta carretera que une La Paz y Oruro con el departamento de Cochabamba.\u00a0<\/p>\n\n\n\n<p>Un video muestra como\u00a0<strong>un grupo de efectivos policiales duerme como puede.<\/strong>\u00a0Sobre el\u00a0<strong>pasto, piedras o de sentados, sin importar las bajas temperaturas que se presentan en este sector.<\/strong>\u00a0Los efectivos del orden s\u00f3lo cuentan con su uniforme reglamentario y es as\u00ed como deben esperar el relevo de sus dem\u00e1s camaradas.\u00a0<\/p>\n\n\n\n<p>El sector \u00abevista\u00bb ha asegurado que no culminar\u00e1n con sus protestas y han advertido con radicalizar sus actividades,\u00a0<strong>exigiendo que el presidente Luis Arce renuncia a su cargo, esto tras conocer la inhabilitaci\u00f3n de su l\u00edder como candidato a las Elecciones Generales.<\/strong><\/p>\n\n\n\n<p><a href=\"https:\/\/dai.ly\/x9l2f8s\">https:\/\/dai.ly\/x9l2f8s<\/a><a href=\"https:\/\/www.reduno.com.bo\/noticias\/envian-carta-al-tse-para-que-convoque-al-gobierno-policia-ffaa-y-actores-politicos-a-una-reunion-de-emergencia--202569882\"><\/a><\/p>\n","protected":false},"excerpt":{"rendered":"<p>Efectivos policiales tuvieron que alargar sus turnos tras que iniciaron las movilizaciones \u00abevistas\u00bb. Un contingente importante de\u00a0efectivos policiales\u00a0y militares se encuentran\u00a0resguardando la carretera al occidente del pa\u00eds a la altura de Parotani.\u00a0 Miembros de la Polic\u00eda deben dormir en el lugar para\u00a0impedir que los sectores afines a Evo Morales vuelvan a instalar los bloqueos\u00a0que perjudiquen [&hellip;]<\/p>\n","protected":false},"author":1,"featured_media":10807,"comment_status":"closed","ping_status":"closed","sticky":false,"template":"","format":"standard","meta":{"fifu_image_url":"","fifu_image_alt":"","footnotes":""},"categories":[57],"tags":[],"class_list":["post-10806","post","type-post","status-publish","format-standard","has-post-thumbnail","hentry","category-coyuntura"],"_links":{"self":[{"href":"https:\/\/stbnoticias.com\/index.php\/wp-json\/wp\/v2\/posts\/10806","targetHints":{"allow":["GET"]}}],"collection":[{"href":"https:\/\/stbnoticias.com\/index.php\/wp-json\/wp\/v2\/posts"}],"about":[{"href":"https:\/\/stbnoticias.com\/index.php\/wp-json\/wp\/v2\/types\/post"}],"author":[{"embeddable":true,"href":"https:\/\/stbnoticias.com\/index.php\/wp-json\/wp\/v2\/users\/1"}],"replies":[{"embeddable":true,"href":"https:\/\/stbnoticias.com\/index.php\/wp-json\/wp\/v2\/comments?post=10806"}],"version-history":[{"count":1,"href":"https:\/\/stbnoticias.com\/index.php\/wp-json\/wp\/v2\/posts\/10806\/revisions"}],"predecessor-version":[{"id":10808,"href":"https:\/\/stbnoticias.com\/index.php\/wp-json\/wp\/v2\/posts\/10806\/revisions\/10808"}],"wp:featuredmedia":[{"embeddable":true,"href":"https:\/\/stbnoticias.com\/index.php\/wp-json\/wp\/v2\/media\/10807"}],"wp:attachment":[{"href":"https:\/\/stbnoticias.com\/index.php\/wp-json\/wp\/v2\/media?parent=10806"}],"wp:term":[{"taxonomy":"category","embeddable":true,"href":"https:\/\/stbnoticias.com\/index.php\/wp-json\/wp\/v2\/categories?post=10806"},{"taxonomy":"post_tag","embeddable":true,"href":"https:\/\/stbnoticias.com\/index.php\/wp-json\/wp\/v2\/tags?post=10806"}],"curies":[{"name":"wp","href":"https:\/\/api.w.org\/{rel}","templated":true}]}}