{"id":10816,"date":"2025-06-13T10:59:59","date_gmt":"2025-06-13T14:59:59","guid":{"rendered":"https:\/\/stbnoticias.com\/?p=10816"},"modified":"2025-07-02T20:47:37","modified_gmt":"2025-07-03T00:47:37","slug":"han-dinamitado-el-bus-casi-me-matan-conductor-llora-tras-ataque-en-llallagua","status":"publish","type":"post","link":"https:\/\/stbnoticias.com\/index.php\/2025\/06\/13\/han-dinamitado-el-bus-casi-me-matan-conductor-llora-tras-ataque-en-llallagua\/","title":{"rendered":"\u201cHAN DINAMITADO EL BUS, CASI ME MATAN\u201d: CONDUCTOR LLORA TRAS ATAQUE EN LLALLAGUA"},"content":{"rendered":"\n<p><strong>Entre l\u00e1grimas, el conductor y due\u00f1o del bus incendiado en Llallagua relat\u00f3 c\u00f3mo escap\u00f3 de una emboscada mientras su veh\u00edculo, que transportaba a polic\u00edas enviados a levantar un bloqueo de grupos afines al evismo, era atacado por una turba.<\/strong><\/p>\n\n\n\n<figure class=\"wp-block-image size-full\"><img loading=\"lazy\" decoding=\"async\" width=\"1017\" height=\"456\" src=\"https:\/\/stbnoticias.com\/wp-content\/uploads\/2025\/06\/image-6.png\" alt=\"\" class=\"wp-image-10817\" srcset=\"https:\/\/stbnoticias.com\/wp-content\/uploads\/2025\/06\/image-6.png 1017w, https:\/\/stbnoticias.com\/wp-content\/uploads\/2025\/06\/image-6-300x135.png 300w, https:\/\/stbnoticias.com\/wp-content\/uploads\/2025\/06\/image-6-768x344.png 768w\" sizes=\"auto, (max-width: 1017px) 100vw, 1017px\" \/><\/figure>\n\n\n\n<p>\u201cEse bus era todo para mi familia&#8230; lo han dinamitado, casi a m\u00ed me ha dado\u201d, cont\u00f3 entre sollozos. Dijo haber visto a un polic\u00eda herido de bala, fue golpeado por los manifestantes y obligado por su hijo a abandonar el lugar antes de que el fuego consumiera el veh\u00edculo.<\/p>\n\n\n\n<p>\u201cNo quer\u00eda dejar la flota, pero ya no hab\u00eda opci\u00f3n\u201d, lament\u00f3. El hombre pidi\u00f3 al Gobierno asumir responsabilidad por la p\u00e9rdida, que no solo es material, sino el sustento de su hogar. \u201c\u00bfD\u00f3nde voy a estar sin trabajar tambi\u00e9n?\u201d, cuestion\u00f3.<\/p>\n\n\n\n<p>Los enfrentamientos en Llallagua ya dejaron tres muertos \u2014dos polic\u00edas entre ellos\u2014 y varios heridos, en medio de una escalada de violencia en el norte de Potos\u00ed.<\/p>\n\n\n\n<p><a href=\"https:\/\/www.facebook.com\/photo\/?fbid=1017137047206980&amp;set=a.406017688318922&amp;__cft__[0]=AZXww_IQVO0Ljk4Gep0_bEq6GXGfiON0ZF-X2w2ScO1uE935wK6KsmPUnV32QRH2guuZuLLNokNXmp6eYkeD3hHzeOUGT6ZNkdRpahnprMcrEPfxVfkRKjxrg7V2FyEad3Qk_kNyTPA42qY1CeOxxsX-Q9zYxscRyJyeR1oVKu6F26jD2Ce2fpof1tRJth5tRXtCnOx96WoYmWm0C4aPAeeX&amp;__tn__=EH-R\"><\/a><\/p>\n\n\n\n<figure class=\"wp-block-image\"><a href=\"https:\/\/www.facebook.com\/photo\/?fbid=1017137047206980&amp;set=a.406017688318922&amp;__cft__[0]=AZXww_IQVO0Ljk4Gep0_bEq6GXGfiON0ZF-X2w2ScO1uE935wK6KsmPUnV32QRH2guuZuLLNokNXmp6eYkeD3hHzeOUGT6ZNkdRpahnprMcrEPfxVfkRKjxrg7V2FyEad3Qk_kNyTPA42qY1CeOxxsX-Q9zYxscRyJyeR1oVKu6F26jD2Ce2fpof1tRJth5tRXtCnOx96WoYmWm0C4aPAeeX&amp;__tn__=EH-R\"><img decoding=\"async\" src=\"https:\/\/scontent.flpb1-2.fna.fbcdn.net\/v\/t39.30808-6\/506612543_1017137050540313_5851050439391785090_n.jpg?_nc_cat=103&amp;ccb=1-7&amp;_nc_sid=127cfc&amp;_nc_ohc=4LV4GO-qNx4Q7kNvwHzKXLB&amp;_nc_oc=Adnu2QzJLvJViuTF6dFGAKBrvDJr2WRTgXnxOCNrEfWCebEMAdVKp5H5Ih95S8t8__Q&amp;_nc_zt=23&amp;_nc_ht=scontent.flpb1-2.fna&amp;_nc_gid=EVX1j4gI1NirXE38uFz_SQ&amp;oh=00_AfONZ_Dsm8GOo5bwU9-19j0f43Ln6Tj2yV2RrlAf5hQbTA&amp;oe=6850B69A\" alt=\"Puede ser una imagen de 1 persona y fuego\"\/><\/a><\/figure>\n\n\n\n<p>Ver estad\u00edsticas<\/p>\n\n\n\n<p>Promocionar publicaci\u00f3n<\/p>\n\n\n\n\n\n\n\n<p>Todas las reacciones:<\/p>\n\n\n\n<p>33<\/p>\n","protected":false},"excerpt":{"rendered":"<p>Entre l\u00e1grimas, el conductor y due\u00f1o del bus incendiado en Llallagua relat\u00f3 c\u00f3mo escap\u00f3 de una emboscada mientras su veh\u00edculo, que transportaba a polic\u00edas enviados a levantar un bloqueo de grupos afines al evismo, era atacado por una turba. \u201cEse bus era todo para mi familia&#8230; lo han dinamitado, casi a m\u00ed me ha dado\u201d, [&hellip;]<\/p>\n","protected":false},"author":1,"featured_media":10817,"comment_status":"closed","ping_status":"closed","sticky":false,"template":"","format":"standard","meta":{"fifu_image_url":"","fifu_image_alt":"","footnotes":""},"categories":[22,30,45],"tags":[],"class_list":["post-10816","post","type-post","status-publish","format-standard","has-post-thumbnail","hentry","category-bolivia","category-politica","category-sociedad"],"_links":{"self":[{"href":"https:\/\/stbnoticias.com\/index.php\/wp-json\/wp\/v2\/posts\/10816","targetHints":{"allow":["GET"]}}],"collection":[{"href":"https:\/\/stbnoticias.com\/index.php\/wp-json\/wp\/v2\/posts"}],"about":[{"href":"https:\/\/stbnoticias.com\/index.php\/wp-json\/wp\/v2\/types\/post"}],"author":[{"embeddable":true,"href":"https:\/\/stbnoticias.com\/index.php\/wp-json\/wp\/v2\/users\/1"}],"replies":[{"embeddable":true,"href":"https:\/\/stbnoticias.com\/index.php\/wp-json\/wp\/v2\/comments?post=10816"}],"version-history":[{"count":1,"href":"https:\/\/stbnoticias.com\/index.php\/wp-json\/wp\/v2\/posts\/10816\/revisions"}],"predecessor-version":[{"id":10818,"href":"https:\/\/stbnoticias.com\/index.php\/wp-json\/wp\/v2\/posts\/10816\/revisions\/10818"}],"wp:featuredmedia":[{"embeddable":true,"href":"https:\/\/stbnoticias.com\/index.php\/wp-json\/wp\/v2\/media\/10817"}],"wp:attachment":[{"href":"https:\/\/stbnoticias.com\/index.php\/wp-json\/wp\/v2\/media?parent=10816"}],"wp:term":[{"taxonomy":"category","embeddable":true,"href":"https:\/\/stbnoticias.com\/index.php\/wp-json\/wp\/v2\/categories?post=10816"},{"taxonomy":"post_tag","embeddable":true,"href":"https:\/\/stbnoticias.com\/index.php\/wp-json\/wp\/v2\/tags?post=10816"}],"curies":[{"name":"wp","href":"https:\/\/api.w.org\/{rel}","templated":true}]}}