{"id":10819,"date":"2025-06-16T09:08:37","date_gmt":"2025-06-16T13:08:37","guid":{"rendered":"https:\/\/stbnoticias.com\/?p=10819"},"modified":"2025-06-16T09:10:39","modified_gmt":"2025-06-16T13:10:39","slug":"jovenes-vocacion-y-suenos-cuatro-policias-caidos-y-familias-en-dolor-que-claman-justicia","status":"publish","type":"post","link":"https:\/\/stbnoticias.com\/index.php\/2025\/06\/16\/jovenes-vocacion-y-suenos-cuatro-policias-caidos-y-familias-en-dolor-que-claman-justicia\/","title":{"rendered":"J\u00f3venes, vocaci\u00f3n y sue\u00f1os: cuatro polic\u00edas ca\u00eddos y familias en dolor que claman justicia"},"content":{"rendered":"\n<p>Tres efectivos perdieron la vida en Llallagua, Potos\u00ed, y uno m\u00e1s en Confital, Cochabamba. Todos cumpl\u00edan la misi\u00f3n de restablecer el orden y la paz frente a los bloqueos organizados por sectores afines al expresidente.<\/p>\n\n\n\n<figure class=\"wp-block-image size-full\"><img loading=\"lazy\" decoding=\"async\" width=\"992\" height=\"558\" src=\"https:\/\/stbnoticias.com\/wp-content\/uploads\/2025\/06\/2025061420292235651.webp\" alt=\"\" class=\"wp-image-10820\" srcset=\"https:\/\/stbnoticias.com\/wp-content\/uploads\/2025\/06\/2025061420292235651.webp 992w, https:\/\/stbnoticias.com\/wp-content\/uploads\/2025\/06\/2025061420292235651-300x169.webp 300w, https:\/\/stbnoticias.com\/wp-content\/uploads\/2025\/06\/2025061420292235651-768x432.webp 768w\" sizes=\"auto, (max-width: 992px) 100vw, 992px\" \/><\/figure>\n\n\n\n<p>Entre humo, piedras y disparos, cuatro uniformes quedaron tendidos en la tierra. El teniente Brayan Jorge Barrozo Rodr\u00edguez, el teniente Carlos Enrique Apata Tola y el sargento primero Jes\u00fas Alberto Mamani Morales perdieron la vida en Llallagua (Potos\u00ed); mientras que, en Cochabamba, el subteniente Christian Calle Alc\u00f3n tambi\u00e9n cay\u00f3 defendiendo el orden p\u00fablico. J\u00f3venes polic\u00edas que murieron cumpliendo su deber durante operativos para desbloquear las v\u00edas y restablecer la paz, dejando atr\u00e1s familias destrozadas que hoy claman justicia.<\/p>\n\n\n\n<p>M\u00e1s all\u00e1 de compartir la profesi\u00f3n, ten\u00edan mucho en com\u00fan: eran j\u00f3venes con ganas de superarse, sue\u00f1os por cumplir, orgullosos de portar el uniforme policial y firmes en su compromiso de servicio. Les arrebataron la vida en medio de una violencia extrema: fueron atacados con disparos, pedradas y, en uno de los casos, con un explosivo colocado sobre el cuerpo del oficial.<\/p>\n\n\n\n<p>Llallagua y Cochabamba se convirtieron en los focos m\u00e1s violentos del conflicto. Todo comenz\u00f3 el 2 de junio, cuando sectores afines al expresidente Evo Morales iniciaron marchas y bloqueos en distintos puntos del pa\u00eds, reclamando la escasez de combustible y d\u00f3lares, el alza de precios en la canasta familiar y exigiendo la renuncia del presidente Luis Arce, tras quedar inhabilitado Morales para las elecciones.<\/p>\n\n\n\n<p>Las medidas, lejos de presionar al gobierno, terminaron asfixiando a los propios pobladores, transportistas y sectores productivos. En Llallagua, los vecinos, agobiados por la falta de provisiones y el cierre de rutas, solicitaron la intervenci\u00f3n policial el martes 10 de junio. Al no llegar a un acuerdo con los bloqueadores, intentaron liberar las v\u00edas por cuenta propia, lo que desat\u00f3 una jornada de violencia. La tensi\u00f3n creci\u00f3 al d\u00eda siguiente: se escucharon detonaciones de dinamita y se denunci\u00f3 el uso de armas de fuego por parte de los grupos movilizados. La Polic\u00eda fue desplegada con el objetivo de restablecer el orden y habilitar el paso en la zona. En Cochabamba, los efectivos tambi\u00e9n avanzaban desde Parotani hacia Sayari y Bombeo, con la misma misi\u00f3n.<\/p>\n\n\n\n<p>En Llallagua, la Polic\u00eda fue rebasada por la violencia y cay\u00f3 en una emboscada. Por la tarde, se report\u00f3 la primera baja: el teniente Brayan Barrozo muri\u00f3 por el impacto de un proyectil. Poco despu\u00e9s se confirm\u00f3 el fallecimiento del teniente Carlos Apata y, ya entrada la noche, el del sargento primero Jes\u00fas Mamani. El municipio qued\u00f3 envuelto en duelo. La tensi\u00f3n era tal que, ante el tr\u00e1gico desenlace, las Fuerzas Armadas ingresaron con tanquetas para retomar el control. Los vecinos los recibieron con aplausos.<\/p>\n\n\n\n<p>Al d\u00eda siguiente, jueves 12 de junio, la tragedia se traslad\u00f3 a Cochabamba. En una serran\u00eda de la zona de Confital fue hallado el cuerpo sin vida del subteniente Calle.<\/p>\n\n\n\n<p>Los cuatro polic\u00edas ca\u00eddos compart\u00edan m\u00e1s que la vocaci\u00f3n: eran muy j\u00f3venes. El teniente Brayan Jorge Barrozo ten\u00eda apenas 23 a\u00f1os y formaba parte de la promoci\u00f3n 2024 de la Academia Nacional de Polic\u00edas (Anapol). Prestaba servicio en la Unidad de Acci\u00f3n y Reacci\u00f3n \u201cDelta\u201d, con base en Oruro.<\/p>\n\n\n\n<p>Su hermana Heidy lo recuerda como un joven alegre, positivo, sacrificado y lleno de metas. So\u00f1aba con llegar a ser general alg\u00fan d\u00eda. El mismo d\u00eda en que perdi\u00f3 la vida, alcanz\u00f3 a llamar a su madre para decirle que estaba bien. Horas despu\u00e9s, la familia recibi\u00f3 la llamada que jam\u00e1s imagin\u00f3: Brayan hab\u00eda muerto.<\/p>\n\n\n\n<p>Carlos Enrique Apata tambi\u00e9n prestaba servicios en Oruro. Formaba parte de la Divisi\u00f3n de Trata y Tr\u00e1fico de Personas de la Fuerza Especial de Lucha Contra el Crimen (FELCC) y era miembro de la promoci\u00f3n 2019 de la Anapol. Ten\u00eda 27 a\u00f1os, era el mayor de cuatro hermanos y padre de un ni\u00f1o de casi dos a\u00f1os.<\/p>\n\n\n\n<p>\u201cJunto con \u00e9l, me mataron\u201d, dijo su madre, con la voz quebrada por el dolor. No entiende c\u00f3mo alguien pudo arrebatarle la vida con tanta brutalidad. Las heridas en su rostro, causadas por pedradas, impidieron incluso que su familia lo reconociera.<\/p>\n\n\n\n<p>Tanto Apata como Barrozo fueron velados en el Batall\u00f3n de Seguridad F\u00edsica en Oruro. El teniente Apata fue sepultado el viernes 13 de junio en el Cementerio General de la ciudad, y un d\u00eda despu\u00e9s, el s\u00e1bado 14, le dieron el \u00faltimo adi\u00f3s al teniente Barrozo en el mismo lugar.<\/p>\n\n\n\n<p>En tanto, el sargento primero Jes\u00fas Alberto Mamani y el subteniente Christian Calle fueron velados en ambientes de la Anapol, en La Paz. All\u00ed, sus familias recibieron ayer reconocimientos p\u00f3stumos por su servicio, y se anunci\u00f3 su ascenso honor\u00edfico como homenaje a su valor y entrega.<\/p>\n\n\n\n<p>El sargento Mamani, quien a t\u00edtulo p\u00f3stumo ascendi\u00f3 al grado de sargento segundo, ten\u00eda 28 a\u00f1os y pertenec\u00eda a la promoci\u00f3n 2018 de la Facultad T\u00e9cnica Superior en Ciencias Policiales. Prestaba servicio en la Direcci\u00f3n Departamental de Bomberos \u201cCaracoles\u201d de Potos\u00ed, donde era considerado un efectivo comprometido, siempre dispuesto a acudir donde m\u00e1s se lo necesitara. Entre sus \u00faltimas misiones estaba el rescate de mineros atrapados; una muestra de su vocaci\u00f3n de servicio, que tambi\u00e9n lo llev\u00f3 a Llallagua, donde portaba sus identificativos de Bomberos con la intenci\u00f3n de brindar auxilio.<\/p>\n\n\n\n<p>Sus camaradas lo recuerdan como un hombre noble, solidario, de car\u00e1cter firme pero generoso. Tambi\u00e9n ten\u00eda una gran sensibilidad: amaba a los animales, rescataba y rehabilitaba a los que encontraba heridos o abandonados.<\/p>\n\n\n\n<p>Su muerte dej\u00f3 destrozada a su familia. Nacido en Caranavi, su madre recuerda que hace poco le prometi\u00f3 tomarse vacaciones para llevarla de regreso a su tierra y pescar juntos, como cuando era ni\u00f1o. \u201cLo cri\u00e9 sola. Su pap\u00e1 muri\u00f3 cuando \u00e9l ten\u00eda ocho a\u00f1os. Y ahora lo encuentro muerto, golpeado brutalmente. Solo pido justicia\u201d, dijo entre l\u00e1grimas su madre, que migr\u00f3 a El Alto en busca de un futuro mejor para sus hijos.<\/p>\n\n\n\n<p>Christian Calle ten\u00eda 23 a\u00f1os. Era subteniente y pertenec\u00eda a la promoci\u00f3n 2021 de la Anapol. A t\u00edtulo p\u00f3stumo fue ascendido al grado de teniente. Su muerte fue una de las m\u00e1s estremecedoras del conflicto. Seg\u00fan inform\u00f3 el viceministro de R\u00e9gimen Interior y Polic\u00eda, Jhonny Aguilera, fue secuestrado por bloqueadores, quienes, tras golpearlo brutalmente, le colocaron un explosivo en el abdomen para acabar con su vida.<\/p>\n\n\n\n<p>Sus padres y su hermana no encuentran consuelo. Esa misma semana, Calle hab\u00eda acudido a recoger su memorando, ya que ser\u00eda transferido a la Unidad T\u00e1ctica de Operaciones Policiales (UTOP). Sin embargo, en lugar de eso, recibi\u00f3 la orden de trasladarse al punto de conflicto, decisi\u00f3n que su familia considera irregular. Por ello, adem\u00e1s de pedir justicia para los autores materiales de su asesinato, exigen que se investigue la responsabilidad de los superiores de la Estaci\u00f3n Policial Integral (EPI) de Villa Tunari de El Alto, donde trabajaba.<\/p>\n\n\n\n<p>Calle hab\u00eda comenzado su carrera en Pando y el a\u00f1o pasado fue destinado a El Alto, m\u00e1s cerca de su familia. Ten\u00eda muchas aspiraciones: estudiaba con dedicaci\u00f3n para ascender dentro de la Polic\u00eda y, al mismo tiempo, cursaba la carrera de Ingenier\u00eda de Sistemas. Justamente esta semana ten\u00eda ex\u00e1menes, pero, seg\u00fan su familia, su superior le neg\u00f3 el permiso y, en su lugar, lo envi\u00f3 al operativo en Cochabamba.<\/p>\n\n\n\n<p>Era el pilar econ\u00f3mico de su madre y su hermana. Hoy, ellas s\u00f3lo tienen el recuerdo de un joven con vocaci\u00f3n de servicio, que muri\u00f3 injustamente, y claman justicia por la p\u00e9rdida.<\/p>\n\n\n\n<p>Desde Oruro y La Paz, cada familia, por separado, alz\u00f3 su voz con el mismo clamor: justicia. Sus palabras coincidieron en el reclamo. Exigen que los responsables de las muertes \u2014tanto materiales como intelectuales\u2014 sean identificados, procesados y condenados a 30 a\u00f1os de prisi\u00f3n por asesinato. Tambi\u00e9n cuestionaron las condiciones en las que sus seres queridos fueron enviados a los operativos: con uniformes, chalecos antibalas que consideran ineficaces y agentes qu\u00edmicos, pero sin armamento. Frente a ellos, seg\u00fan denuncias del propio Gobierno, hab\u00eda grupos con armas letales y dinamita. Una desventaja que, aseguran, los dej\u00f3 indefensos ante una muerte anunciada.<\/p>\n\n\n\n<p>El ministro de Gobierno, Roberto R\u00edos, inform\u00f3 en conferencia de prensa que ocho personas fueron enviadas con detenci\u00f3n preventiva, acusadas del presunto delito de asesinato, por su posible participaci\u00f3n en las muertes de los polic\u00edas en Llallagua. En el caso del crimen en Cochabamba, hasta el momento no se registr\u00f3 ninguna aprehensi\u00f3n.<\/p>\n\n\n\n<p>Mientras las investigaciones avanzan, rindieron honores a sus ca\u00eddos en todas las ciudades del pa\u00eds; sirenas encendidas, luces destellantes, oraciones, misas y altares se convirtieron en s\u00edmbolo de respeto y duelo.<\/p>\n","protected":false},"excerpt":{"rendered":"<p>Tres efectivos perdieron la vida en Llallagua, Potos\u00ed, y uno m\u00e1s en Confital, Cochabamba. Todos cumpl\u00edan la misi\u00f3n de restablecer el orden y la paz frente a los bloqueos organizados por sectores afines al expresidente. Entre humo, piedras y disparos, cuatro uniformes quedaron tendidos en la tierra. El teniente Brayan Jorge Barrozo Rodr\u00edguez, el teniente [&hellip;]<\/p>\n","protected":false},"author":1,"featured_media":10820,"comment_status":"closed","ping_status":"closed","sticky":false,"template":"","format":"standard","meta":{"fifu_image_url":"","fifu_image_alt":"","footnotes":""},"categories":[57],"tags":[],"class_list":["post-10819","post","type-post","status-publish","format-standard","has-post-thumbnail","hentry","category-coyuntura"],"_links":{"self":[{"href":"https:\/\/stbnoticias.com\/index.php\/wp-json\/wp\/v2\/posts\/10819","targetHints":{"allow":["GET"]}}],"collection":[{"href":"https:\/\/stbnoticias.com\/index.php\/wp-json\/wp\/v2\/posts"}],"about":[{"href":"https:\/\/stbnoticias.com\/index.php\/wp-json\/wp\/v2\/types\/post"}],"author":[{"embeddable":true,"href":"https:\/\/stbnoticias.com\/index.php\/wp-json\/wp\/v2\/users\/1"}],"replies":[{"embeddable":true,"href":"https:\/\/stbnoticias.com\/index.php\/wp-json\/wp\/v2\/comments?post=10819"}],"version-history":[{"count":1,"href":"https:\/\/stbnoticias.com\/index.php\/wp-json\/wp\/v2\/posts\/10819\/revisions"}],"predecessor-version":[{"id":10821,"href":"https:\/\/stbnoticias.com\/index.php\/wp-json\/wp\/v2\/posts\/10819\/revisions\/10821"}],"wp:featuredmedia":[{"embeddable":true,"href":"https:\/\/stbnoticias.com\/index.php\/wp-json\/wp\/v2\/media\/10820"}],"wp:attachment":[{"href":"https:\/\/stbnoticias.com\/index.php\/wp-json\/wp\/v2\/media?parent=10819"}],"wp:term":[{"taxonomy":"category","embeddable":true,"href":"https:\/\/stbnoticias.com\/index.php\/wp-json\/wp\/v2\/categories?post=10819"},{"taxonomy":"post_tag","embeddable":true,"href":"https:\/\/stbnoticias.com\/index.php\/wp-json\/wp\/v2\/tags?post=10819"}],"curies":[{"name":"wp","href":"https:\/\/api.w.org\/{rel}","templated":true}]}}