{"id":10830,"date":"2025-06-24T11:25:34","date_gmt":"2025-06-24T15:25:34","guid":{"rendered":"https:\/\/stbnoticias.com\/?p=10830"},"modified":"2025-06-24T11:25:34","modified_gmt":"2025-06-24T15:25:34","slug":"imputan-a-una-mujer-por-la-caida-del-gobernador-damian-condori","status":"publish","type":"post","link":"https:\/\/stbnoticias.com\/index.php\/2025\/06\/24\/imputan-a-una-mujer-por-la-caida-del-gobernador-damian-condori\/","title":{"rendered":"Imputan a una mujer por la ca\u00edda del gobernador Dami\u00e1n Condori"},"content":{"rendered":"\n<p><em>La mujer ser\u00e1 procesada por el delito de lesiones culposas, seg\u00fan indica la resoluci\u00f3n de la Fiscal\u00eda<\/em><\/p>\n\n\n\n<figure class=\"wp-block-image size-full\"><img loading=\"lazy\" decoding=\"async\" width=\"980\" height=\"550\" src=\"https:\/\/stbnoticias.com\/wp-content\/uploads\/2025\/06\/image-7.png\" alt=\"\" class=\"wp-image-10831\" srcset=\"https:\/\/stbnoticias.com\/wp-content\/uploads\/2025\/06\/image-7.png 980w, https:\/\/stbnoticias.com\/wp-content\/uploads\/2025\/06\/image-7-300x168.png 300w, https:\/\/stbnoticias.com\/wp-content\/uploads\/2025\/06\/image-7-768x431.png 768w\" sizes=\"auto, (max-width: 980px) 100vw, 980px\" \/><\/figure>\n\n\n\n<p>El Ministerio P\u00fablico imput\u00f3 a una mujer, de iniciales M.B.C., por el delito de lesiones culposas, como sospechosa de la grave ca\u00edda que llev\u00f3 al gobernador Dami\u00e1n Condori a estar internado en la Unidad de Terapia Intensiva del hospital de tercer nivel Chuquisaca, en la ciudad de Sucre.<\/p>\n\n\n\n<p>Jaime Tapia, abogado de la familia del Gobernador, inform\u00f3 que la Fiscal\u00eda ya emiti\u00f3 la imputaci\u00f3n formal contra M.B.C.&nbsp;y se espera su audiencia de medidas cautelares.<\/p>\n\n\n\n<p>El Ministerio P\u00fablico hab\u00eda informado el pasado lunes que accedi\u00f3 a las declaraciones de tres personas y que alistaba una resoluci\u00f3n sobre la investigaci\u00f3n que inici\u00f3 de oficio tras el accidente de Condori.<\/p>\n","protected":false},"excerpt":{"rendered":"<p>La mujer ser\u00e1 procesada por el delito de lesiones culposas, seg\u00fan indica la resoluci\u00f3n de la Fiscal\u00eda El Ministerio P\u00fablico imput\u00f3 a una mujer, de iniciales M.B.C., por el delito de lesiones culposas, como sospechosa de la grave ca\u00edda que llev\u00f3 al gobernador Dami\u00e1n Condori a estar internado en la Unidad de Terapia Intensiva del [&hellip;]<\/p>\n","protected":false},"author":1,"featured_media":10831,"comment_status":"closed","ping_status":"closed","sticky":false,"template":"","format":"standard","meta":{"fifu_image_url":"","fifu_image_alt":"","footnotes":""},"categories":[1],"tags":[],"class_list":["post-10830","post","type-post","status-publish","format-standard","has-post-thumbnail","hentry","category-sin-categoria"],"_links":{"self":[{"href":"https:\/\/stbnoticias.com\/index.php\/wp-json\/wp\/v2\/posts\/10830","targetHints":{"allow":["GET"]}}],"collection":[{"href":"https:\/\/stbnoticias.com\/index.php\/wp-json\/wp\/v2\/posts"}],"about":[{"href":"https:\/\/stbnoticias.com\/index.php\/wp-json\/wp\/v2\/types\/post"}],"author":[{"embeddable":true,"href":"https:\/\/stbnoticias.com\/index.php\/wp-json\/wp\/v2\/users\/1"}],"replies":[{"embeddable":true,"href":"https:\/\/stbnoticias.com\/index.php\/wp-json\/wp\/v2\/comments?post=10830"}],"version-history":[{"count":1,"href":"https:\/\/stbnoticias.com\/index.php\/wp-json\/wp\/v2\/posts\/10830\/revisions"}],"predecessor-version":[{"id":10832,"href":"https:\/\/stbnoticias.com\/index.php\/wp-json\/wp\/v2\/posts\/10830\/revisions\/10832"}],"wp:featuredmedia":[{"embeddable":true,"href":"https:\/\/stbnoticias.com\/index.php\/wp-json\/wp\/v2\/media\/10831"}],"wp:attachment":[{"href":"https:\/\/stbnoticias.com\/index.php\/wp-json\/wp\/v2\/media?parent=10830"}],"wp:term":[{"taxonomy":"category","embeddable":true,"href":"https:\/\/stbnoticias.com\/index.php\/wp-json\/wp\/v2\/categories?post=10830"},{"taxonomy":"post_tag","embeddable":true,"href":"https:\/\/stbnoticias.com\/index.php\/wp-json\/wp\/v2\/tags?post=10830"}],"curies":[{"name":"wp","href":"https:\/\/api.w.org\/{rel}","templated":true}]}}