{"id":10846,"date":"2025-07-03T09:32:02","date_gmt":"2025-07-03T13:32:02","guid":{"rendered":"https:\/\/stbnoticias.com\/?p=10846"},"modified":"2025-07-03T21:18:20","modified_gmt":"2025-07-04T01:18:20","slug":"menor-boliviana-victima-de-explotacion-laboral-en-chile-fue-recuperada-y-llego-a-santa-cruz","status":"publish","type":"post","link":"https:\/\/stbnoticias.com\/index.php\/2025\/07\/03\/menor-boliviana-victima-de-explotacion-laboral-en-chile-fue-recuperada-y-llego-a-santa-cruz\/","title":{"rendered":"MENOR BOLIVIANA V\u00cdCTIMA DE EXPLOTACI\u00d3N LABORAL EN CHILE FUE RECUPERADA Y LLEG\u00d3 A SANTA CRUZ"},"content":{"rendered":"\n<p>La fiscal, Jesica Echeverr\u00eda, inform\u00f3 este mi\u00e9rcoles que una <a><\/a>menor de edad, que fue identificada debido a que era explotada laboralmente en Chile, fue repatriada y entregada a su familia, la misma lleg\u00f3 al departamento de Santa Cruz.<\/p>\n\n\n<div class=\"wp-block-image\">\n<figure class=\"aligncenter size-full\"><img loading=\"lazy\" decoding=\"async\" width=\"600\" height=\"365\" src=\"https:\/\/stbnoticias.com\/wp-content\/uploads\/2025\/07\/image-1.png\" alt=\"\" class=\"wp-image-10847\" srcset=\"https:\/\/stbnoticias.com\/wp-content\/uploads\/2025\/07\/image-1.png 600w, https:\/\/stbnoticias.com\/wp-content\/uploads\/2025\/07\/image-1-300x183.png 300w\" sizes=\"auto, (max-width: 600px) 100vw, 600px\" \/><\/figure>\n<\/div>\n\n\n<p>Seg\u00fan la autoridad el caso se encuentra en investigaci\u00f3n, toda vez de que se sospecha de que la menor fue v\u00edctima de una red de trata de personas, ya que la misma fue trasladada hasta ese pa\u00eds bajo enga\u00f1os.<\/p>\n\n\n\n<p>La menor realizaba trabajos como jornalera en Chile, las personas que captaron a la menor est\u00e1n siendo investigadas en Chile.<\/p>\n\n\n\n<p>Las autoridades llaman a los padres de adolescentes y j\u00f3venes a realizar el respectivo control de los mismos, para evitar que caigan con personas equivocadas que pueden trasladarlos a otros pa\u00edses para que sean sometidos y vulnerados.<\/p>\n","protected":false},"excerpt":{"rendered":"<p>La fiscal, Jesica Echeverr\u00eda, inform\u00f3 este mi\u00e9rcoles que una menor de edad, que fue identificada debido a que era explotada laboralmente en Chile, fue repatriada y entregada a su familia, la misma lleg\u00f3 al departamento de Santa Cruz. Seg\u00fan la autoridad el caso se encuentra en investigaci\u00f3n, toda vez de que se sospecha de que [&hellip;]<\/p>\n","protected":false},"author":1,"featured_media":10847,"comment_status":"closed","ping_status":"closed","sticky":false,"template":"","format":"standard","meta":{"fifu_image_url":"","fifu_image_alt":"","footnotes":""},"categories":[22,45],"tags":[],"class_list":["post-10846","post","type-post","status-publish","format-standard","has-post-thumbnail","hentry","category-bolivia","category-sociedad"],"_links":{"self":[{"href":"https:\/\/stbnoticias.com\/index.php\/wp-json\/wp\/v2\/posts\/10846","targetHints":{"allow":["GET"]}}],"collection":[{"href":"https:\/\/stbnoticias.com\/index.php\/wp-json\/wp\/v2\/posts"}],"about":[{"href":"https:\/\/stbnoticias.com\/index.php\/wp-json\/wp\/v2\/types\/post"}],"author":[{"embeddable":true,"href":"https:\/\/stbnoticias.com\/index.php\/wp-json\/wp\/v2\/users\/1"}],"replies":[{"embeddable":true,"href":"https:\/\/stbnoticias.com\/index.php\/wp-json\/wp\/v2\/comments?post=10846"}],"version-history":[{"count":1,"href":"https:\/\/stbnoticias.com\/index.php\/wp-json\/wp\/v2\/posts\/10846\/revisions"}],"predecessor-version":[{"id":10848,"href":"https:\/\/stbnoticias.com\/index.php\/wp-json\/wp\/v2\/posts\/10846\/revisions\/10848"}],"wp:featuredmedia":[{"embeddable":true,"href":"https:\/\/stbnoticias.com\/index.php\/wp-json\/wp\/v2\/media\/10847"}],"wp:attachment":[{"href":"https:\/\/stbnoticias.com\/index.php\/wp-json\/wp\/v2\/media?parent=10846"}],"wp:term":[{"taxonomy":"category","embeddable":true,"href":"https:\/\/stbnoticias.com\/index.php\/wp-json\/wp\/v2\/categories?post=10846"},{"taxonomy":"post_tag","embeddable":true,"href":"https:\/\/stbnoticias.com\/index.php\/wp-json\/wp\/v2\/tags?post=10846"}],"curies":[{"name":"wp","href":"https:\/\/api.w.org\/{rel}","templated":true}]}}