{"id":10849,"date":"2025-07-04T21:15:54","date_gmt":"2025-07-05T01:15:54","guid":{"rendered":"https:\/\/stbnoticias.com\/?p=10849"},"modified":"2025-07-14T11:02:15","modified_gmt":"2025-07-14T15:02:15","slug":"diogo-jota-estrella-del-liverpool-y-portugal-muere-a-los-28-anos-en-un-accidente-automovilistico","status":"publish","type":"post","link":"https:\/\/stbnoticias.com\/index.php\/2025\/07\/04\/diogo-jota-estrella-del-liverpool-y-portugal-muere-a-los-28-anos-en-un-accidente-automovilistico\/","title":{"rendered":"Diogo Jota, estrella del Liverpool y Portugal, muere a los 28 a\u00f1os en un accidente automovil\u00edstico"},"content":{"rendered":"\n<p>\u00abLa Federaci\u00f3n Portuguesa de F\u00fatbol (FPF) y todo el f\u00fatbol portugu\u00e9s est\u00e1n completamente devastados\u00bb, se puede leer en un comunicado de la FPF.<\/p>\n\n\n\n<figure class=\"wp-block-image size-full\"><img loading=\"lazy\" decoding=\"async\" width=\"992\" height=\"557\" src=\"https:\/\/stbnoticias.com\/wp-content\/uploads\/2025\/07\/2025070309165312463.webp\" alt=\"\" class=\"wp-image-10850\" srcset=\"https:\/\/stbnoticias.com\/wp-content\/uploads\/2025\/07\/2025070309165312463.webp 992w, https:\/\/stbnoticias.com\/wp-content\/uploads\/2025\/07\/2025070309165312463-300x168.webp 300w, https:\/\/stbnoticias.com\/wp-content\/uploads\/2025\/07\/2025070309165312463-768x431.webp 768w\" sizes=\"auto, (max-width: 992px) 100vw, 992px\" \/><\/figure>\n\n\n\n<p><em><strong>El delantero del Liverpool y jugador de la selecci\u00f3n de Portugal Diogo Jota muri\u00f3 este jueves en un accidente de auto a los 28 a\u00f1os.<\/strong><\/em><\/p>\n\n\n\n<p>El delantero del Liverpool y jugador de la selecci\u00f3n de Portugal Diogo Jota muri\u00f3 este jueves en un accidente de auto a los 28 a\u00f1os.<\/p>\n\n\n\n<p>Su hermano, Andr\u00e9 Silva, tambi\u00e9n perdi\u00f3 la vida en el accidente, ocurrido en la provincia espa\u00f1ola de Zamora.<\/p>\n\n\n\n<p>Silva, de 26 a\u00f1os, era futbolista profesional en el club portugu\u00e9s de segunda divisi\u00f3n, el Pe\u00f1afiel.<\/p>\n\n\n\n<p>La Guardia Civil Espa\u00f1ola le dijo a la BBC que Jota y su hermano murieron alrededor de las 00:30 hora local del jueves.<\/p>\n\n\n\n<p>Y se\u00f1alaron que su autom\u00f3vil, un Lamborghini, se sali\u00f3 de la carretera debido a que se da\u00f1\u00f3 un neum\u00e1tico al adelantar a otro veh\u00edculo y posteriormente se incendi\u00f3.<\/p>\n\n\n\n<p>Jota se hab\u00eda casado el mes pasado con la madre de sus tres hijos, Rute Cardoso.<\/p>\n\n\n\n<p>La estrella portuguesa, que jugaba de delantero en el equipo ingl\u00e9s, contribuy\u00f3 a que su club se quedara con el t\u00edtulo de la Premier League esta temporada.<\/p>\n\n\n\n<p>Tambi\u00e9n form\u00f3 parte del seleccionado portugu\u00e9s que obtuvo el t\u00edtulo de la Liga de Naciones en junio.<\/p>\n\n\n\n<p>\u00abLa Federaci\u00f3n Portuguesa de F\u00fatbol (FPF) y todo el f\u00fatbol portugu\u00e9s est\u00e1n completamente devastados\u00bb, se puede leer en un comunicado de la FPF.<\/p>\n\n\n\n<p>\u00abMucho m\u00e1s que un jugador incre\u00edble, con casi 50 partidos internacionales, Diogo Jota fue una persona extraordinaria, respetado por todos sus compa\u00f1eros y rivales, alguien con una alegr\u00eda contagiosa y un referente en la propia comunidad\u00bb, se\u00f1alaron.<\/p>\n\n\n\n<p>\u00abHemos perdido a dos campeones. El fallecimiento de Diogo y Andr\u00e9 Silva representa p\u00e9rdidas irreparables para el f\u00fatbol portugu\u00e9s, y haremos todo lo posible para honrar su legado a diario\u00bb, agreg\u00f3 la FPF.<\/p>\n\n\n\n<p>La FPF ha solicitado a la UEFA, el organismo rector del f\u00fatbol europeo, que guarde un minuto de silencio antes del partido de la Eurocopa femenina de Portugal contra Espa\u00f1a el jueves.<\/p>\n\n\n\n<h2 class=\"wp-block-heading\"><strong>UNA CARRERA BRILLANTE<\/strong><\/h2>\n\n\n\n<p>Jota comenz\u00f3 su carrera profesional en el Pacos de Ferreira antes de fichar por el Atl\u00e9tico de Madrid en 2016 (donde nunca debut\u00f3) y pas\u00f3 la temporada 2016-17 cedido en el Porto, donde su hermano jugaba en las categor\u00edas inferiores.<\/p>\n\n\n\n<p>Sin embargo, fue su transpaso al Wolverhampton Wanderers en 2017, de la segunda divisi\u00f3n inglesa con apenas con 21 a\u00f1os, cuando explot\u00f3 como futbolista.<\/p>\n\n\n\n<p>En tres temporadas marc\u00f3 44 goles que ayudaron a los \u00abWolves\u00bb a llegar a la m\u00e1xima categor\u00eda y que llam\u00f3 la atenci\u00f3n de un gigante del f\u00fatbol brit\u00e1nico: el Liverpool FC.<\/p>\n\n\n\n<p>En 2020 fue comprado por una cifra cercana a los US$50 millones.<\/p>\n\n\n\n<p>En sus cinco temporadas con el equipo ingl\u00e9s, Jota se convirti\u00f3 en un referente de las grandes conquistas del club en los \u00faltimos a\u00f1os: dos t\u00edtulos de Premier League (2022 y 2025) y la final de la Champions League de 2022 que perdieron frente al Real Madrid.<\/p>\n\n\n\n<p>Durante estos a\u00f1os en Liverpool, Jota logr\u00f3 marcar 56 goles y dar 19 asistencias.<\/p>\n\n\n\n<p>Adem\u00e1s de su excepcional desempe\u00f1o en clubes, tambi\u00e9n ha sido fundamental en los logros de su selecci\u00f3n en las \u00faltimas temporadas.<\/p>\n\n\n\n<p>Jota debut\u00f3 en la selecci\u00f3n nacional en marzo de 2019 para las eliminatorias de la Eurocopa de 2020.<\/p>\n\n\n\n<p>Y aunque no pudo participar en el Mundial de Qatar 2022 por una lesi\u00f3n, sus goles y asistencias llevaron a Portugal a conseguir el t\u00edtulo de la Liga de las Naciones de la UEFA en junio pasado.<\/p>\n\n\n\n<p>Su club, el Liverpool FC, emiti\u00f3 un comunicado en el que se\u00f1alan que est\u00e1n \u00abdestrozados\u00bb por la noticia y pidieron privacidad para su familia y personal del club mientras procesan la muerte de Jota.<\/p>\n\n\n\n<p>Por su parte el Wolverhampton Wanderers public\u00f3 en su cuenta de X: \u00abEstamos desconsolados. Diogo era adorado por nuestros aficionados, querido por sus compa\u00f1eros y apreciado por todos los que trabajaron con \u00e9l durante su etapa en los Wolves\u00bb.<\/p>\n\n\n\n<p>El capit\u00e1n de la selecci\u00f3n portuguesa, Cristiano Ronaldo, tambi\u00e9n expres\u00f3 su tristeza por la muerte de su compa\u00f1ero de equipo.<\/p>\n\n\n\n<p>\u00abNo tiene sentido. Est\u00e1bamos juntos en la selecci\u00f3n nacional y t\u00fa acababas de casarte. A tu familia, a tu esposa y a tus hijos, les env\u00edo mis condolencias y les deseo toda la fuerza del mundo. S\u00e9 que siempre estar\u00e1s con ellos. Descansen en paz, Diogo y Andr\u00e9. Todos los extra\u00f1aremos\u00bb.<\/p>\n","protected":false},"excerpt":{"rendered":"<p>\u00abLa Federaci\u00f3n Portuguesa de F\u00fatbol (FPF) y todo el f\u00fatbol portugu\u00e9s est\u00e1n completamente devastados\u00bb, se puede leer en un comunicado de la FPF. El delantero del Liverpool y jugador de la selecci\u00f3n de Portugal Diogo Jota muri\u00f3 este jueves en un accidente de auto a los 28 a\u00f1os. El delantero del Liverpool y jugador de [&hellip;]<\/p>\n","protected":false},"author":1,"featured_media":10850,"comment_status":"closed","ping_status":"closed","sticky":false,"template":"","format":"standard","meta":{"fifu_image_url":"","fifu_image_alt":"","footnotes":""},"categories":[32,24],"tags":[],"class_list":["post-10849","post","type-post","status-publish","format-standard","has-post-thumbnail","hentry","category-deportes","category-mundo"],"_links":{"self":[{"href":"https:\/\/stbnoticias.com\/index.php\/wp-json\/wp\/v2\/posts\/10849","targetHints":{"allow":["GET"]}}],"collection":[{"href":"https:\/\/stbnoticias.com\/index.php\/wp-json\/wp\/v2\/posts"}],"about":[{"href":"https:\/\/stbnoticias.com\/index.php\/wp-json\/wp\/v2\/types\/post"}],"author":[{"embeddable":true,"href":"https:\/\/stbnoticias.com\/index.php\/wp-json\/wp\/v2\/users\/1"}],"replies":[{"embeddable":true,"href":"https:\/\/stbnoticias.com\/index.php\/wp-json\/wp\/v2\/comments?post=10849"}],"version-history":[{"count":1,"href":"https:\/\/stbnoticias.com\/index.php\/wp-json\/wp\/v2\/posts\/10849\/revisions"}],"predecessor-version":[{"id":10851,"href":"https:\/\/stbnoticias.com\/index.php\/wp-json\/wp\/v2\/posts\/10849\/revisions\/10851"}],"wp:featuredmedia":[{"embeddable":true,"href":"https:\/\/stbnoticias.com\/index.php\/wp-json\/wp\/v2\/media\/10850"}],"wp:attachment":[{"href":"https:\/\/stbnoticias.com\/index.php\/wp-json\/wp\/v2\/media?parent=10849"}],"wp:term":[{"taxonomy":"category","embeddable":true,"href":"https:\/\/stbnoticias.com\/index.php\/wp-json\/wp\/v2\/categories?post=10849"},{"taxonomy":"post_tag","embeddable":true,"href":"https:\/\/stbnoticias.com\/index.php\/wp-json\/wp\/v2\/tags?post=10849"}],"curies":[{"name":"wp","href":"https:\/\/api.w.org\/{rel}","templated":true}]}}