{"id":10867,"date":"2025-07-11T21:16:18","date_gmt":"2025-07-12T01:16:18","guid":{"rendered":"https:\/\/stbnoticias.com\/?p=10867"},"modified":"2025-07-11T21:16:18","modified_gmt":"2025-07-12T01:16:18","slug":"copa-se-abre-a-no-ser-mas-candidata-acusa-presiones-de-seguidores-de-dunn","status":"publish","type":"post","link":"https:\/\/stbnoticias.com\/index.php\/2025\/07\/11\/copa-se-abre-a-no-ser-mas-candidata-acusa-presiones-de-seguidores-de-dunn\/","title":{"rendered":"Copa se abre a no ser m\u00e1s candidata; acusa presiones de seguidores de Dunn"},"content":{"rendered":"\n<figure class=\"wp-block-image size-full\"><img loading=\"lazy\" decoding=\"async\" width=\"992\" height=\"558\" src=\"https:\/\/stbnoticias.com\/wp-content\/uploads\/2025\/07\/2025071022285672984.webp\" alt=\"\" class=\"wp-image-10868\" srcset=\"https:\/\/stbnoticias.com\/wp-content\/uploads\/2025\/07\/2025071022285672984.webp 992w, https:\/\/stbnoticias.com\/wp-content\/uploads\/2025\/07\/2025071022285672984-300x169.webp 300w, https:\/\/stbnoticias.com\/wp-content\/uploads\/2025\/07\/2025071022285672984-768x432.webp 768w\" sizes=\"auto, (max-width: 992px) 100vw, 992px\" \/><\/figure>\n\n\n\n<p>Eva Copa, candidata a presidenta por el partido alte\u00f1o Morena, no desecha la posibilidad de dar un paso al costado y dejar de pelear por la Presidencia del pa\u00eds.<\/p>\n\n\n\n<p>Se abri\u00f3 a esa posibilidad en las pasadas horas, cuando reconoci\u00f3 que si toma esa determinaci\u00f3n, esta no habr\u00e1 sido motivada por el temor, sino fruto de un an\u00e1lisis interno.<\/p>\n\n\n\n<p>\u201cSi nosotros vamos a tomar la decisi\u00f3n de bajarnos, no va a ser porque somos cobardes o porque no podemos\u201d, dijo, en entrevista con Radio Fides.<\/p>\n\n\n\n<p>Se mostr\u00f3 convencida de que los rivales no lograr\u00e1n \u201cdesestabilizar\u201d a su equipo. \u201cNosotros no tenemos financiadores, no hemos empezado una campa\u00f1a. Todos los partidos nos han hecho la guerra y levantan ciertos rumores en torno a podernos desestabilizar, pero creo que no lo van a conseguir\u201d.<\/p>\n\n\n\n<p>En otro contacto con los medios se refiri\u00f3 tambi\u00e9n al caso de Jaime Dunn, el exprecandidato de Nueva Generaci\u00f3n Patri\u00f3tica (NGP) que termin\u00f3 siendo inhabilitado de la contienda electoral. Copa relat\u00f3 que sus seguidores, molestos por el rol que desempe\u00f1\u00f3 la Alcald\u00eda de El Alto, realizan llamadas an\u00f3nimas y lanzan insultos.<\/p>\n\n\n\n<p>\u201cEl se\u00f1or Dunn debe ser honesto y sincero con su militancia. No es responsabilidad de la Alcald\u00eda de El Alto que el se\u00f1or Dunn no haya resuelto sus deudas de hace 20 a\u00f1os. No es un proceso de un mes, son 20 a\u00f1os, son m\u00e1s de 18 procesos. Ya nos ha hecho represalias la gente de Dunn. Hace plantones a la Alcald\u00eda, llamadas an\u00f3nimas; insulta, agrede, difama\u201d.<\/p>\n","protected":false},"excerpt":{"rendered":"<p>Eva Copa, candidata a presidenta por el partido alte\u00f1o Morena, no desecha la posibilidad de dar un paso al costado y dejar de pelear por la Presidencia del pa\u00eds. Se abri\u00f3 a esa posibilidad en las pasadas horas, cuando reconoci\u00f3 que si toma esa determinaci\u00f3n, esta no habr\u00e1 sido motivada por el temor, sino fruto [&hellip;]<\/p>\n","protected":false},"author":1,"featured_media":10868,"comment_status":"closed","ping_status":"closed","sticky":false,"template":"","format":"standard","meta":{"fifu_image_url":"","fifu_image_alt":"","footnotes":""},"categories":[57],"tags":[],"class_list":["post-10867","post","type-post","status-publish","format-standard","has-post-thumbnail","hentry","category-coyuntura"],"_links":{"self":[{"href":"https:\/\/stbnoticias.com\/index.php\/wp-json\/wp\/v2\/posts\/10867","targetHints":{"allow":["GET"]}}],"collection":[{"href":"https:\/\/stbnoticias.com\/index.php\/wp-json\/wp\/v2\/posts"}],"about":[{"href":"https:\/\/stbnoticias.com\/index.php\/wp-json\/wp\/v2\/types\/post"}],"author":[{"embeddable":true,"href":"https:\/\/stbnoticias.com\/index.php\/wp-json\/wp\/v2\/users\/1"}],"replies":[{"embeddable":true,"href":"https:\/\/stbnoticias.com\/index.php\/wp-json\/wp\/v2\/comments?post=10867"}],"version-history":[{"count":1,"href":"https:\/\/stbnoticias.com\/index.php\/wp-json\/wp\/v2\/posts\/10867\/revisions"}],"predecessor-version":[{"id":10869,"href":"https:\/\/stbnoticias.com\/index.php\/wp-json\/wp\/v2\/posts\/10867\/revisions\/10869"}],"wp:featuredmedia":[{"embeddable":true,"href":"https:\/\/stbnoticias.com\/index.php\/wp-json\/wp\/v2\/media\/10868"}],"wp:attachment":[{"href":"https:\/\/stbnoticias.com\/index.php\/wp-json\/wp\/v2\/media?parent=10867"}],"wp:term":[{"taxonomy":"category","embeddable":true,"href":"https:\/\/stbnoticias.com\/index.php\/wp-json\/wp\/v2\/categories?post=10867"},{"taxonomy":"post_tag","embeddable":true,"href":"https:\/\/stbnoticias.com\/index.php\/wp-json\/wp\/v2\/tags?post=10867"}],"curies":[{"name":"wp","href":"https:\/\/api.w.org\/{rel}","templated":true}]}}