{"id":10870,"date":"2025-07-14T09:29:26","date_gmt":"2025-07-14T13:29:26","guid":{"rendered":"https:\/\/stbnoticias.com\/?p=10870"},"modified":"2025-07-14T09:29:27","modified_gmt":"2025-07-14T13:29:27","slug":"choque-frontal-en-mendez-arcos-deja-conductor-atrapado-y-heridos","status":"publish","type":"post","link":"https:\/\/stbnoticias.com\/index.php\/2025\/07\/14\/choque-frontal-en-mendez-arcos-deja-conductor-atrapado-y-heridos\/","title":{"rendered":"\u00a1Choque frontal en M\u00e9ndez Arcos deja conductor atrapado y heridos!"},"content":{"rendered":"\n<p><a><\/a>Un fuerte accidente de tr\u00e1nsito se registr\u00f3 en la zona de M\u00e9ndez Arcos, donde dos veh\u00edculos colisionaron de manera frontal. Uno de los conductores qued\u00f3 atrapado entre el volante y el asiento, siendo rescatado por vecinos antes de ser trasladado en una ambulancia de Bomberos al Hospital San Juan de Dios junto a otra persona herida.<\/p>\n\n\n\n<figure class=\"wp-block-image size-full\"><img loading=\"lazy\" decoding=\"async\" width=\"600\" height=\"338\" src=\"https:\/\/stbnoticias.com\/wp-content\/uploads\/2025\/07\/image-5.png\" alt=\"\" class=\"wp-image-10871\" srcset=\"https:\/\/stbnoticias.com\/wp-content\/uploads\/2025\/07\/image-5.png 600w, https:\/\/stbnoticias.com\/wp-content\/uploads\/2025\/07\/image-5-300x169.png 300w\" sizes=\"auto, (max-width: 600px) 100vw, 600px\" \/><\/figure>\n\n\n\n<p>Seg\u00fan las primeras investigaciones, uno de los motorizados habr\u00eda invadido el carril contrario. Las autoridades ya realizan la prueba de alcohotest para esclarecer el hecho.<\/p>\n\n\n\n<figure class=\"wp-block-image size-full\"><img loading=\"lazy\" decoding=\"async\" width=\"600\" height=\"338\" src=\"https:\/\/stbnoticias.com\/wp-content\/uploads\/2025\/07\/image-6.png\" alt=\"\" class=\"wp-image-10872\" srcset=\"https:\/\/stbnoticias.com\/wp-content\/uploads\/2025\/07\/image-6.png 600w, https:\/\/stbnoticias.com\/wp-content\/uploads\/2025\/07\/image-6-300x169.png 300w\" sizes=\"auto, (max-width: 600px) 100vw, 600px\" \/><\/figure>\n","protected":false},"excerpt":{"rendered":"<p>Un fuerte accidente de tr\u00e1nsito se registr\u00f3 en la zona de M\u00e9ndez Arcos, donde dos veh\u00edculos colisionaron de manera frontal. Uno de los conductores qued\u00f3 atrapado entre el volante y el asiento, siendo rescatado por vecinos antes de ser trasladado en una ambulancia de Bomberos al Hospital San Juan de Dios junto a otra persona [&hellip;]<\/p>\n","protected":false},"author":1,"featured_media":10872,"comment_status":"closed","ping_status":"closed","sticky":false,"template":"","format":"standard","meta":{"fifu_image_url":"","fifu_image_alt":"","footnotes":""},"categories":[45,23],"tags":[],"class_list":["post-10870","post","type-post","status-publish","format-standard","has-post-thumbnail","hentry","category-sociedad","category-tarija"],"_links":{"self":[{"href":"https:\/\/stbnoticias.com\/index.php\/wp-json\/wp\/v2\/posts\/10870","targetHints":{"allow":["GET"]}}],"collection":[{"href":"https:\/\/stbnoticias.com\/index.php\/wp-json\/wp\/v2\/posts"}],"about":[{"href":"https:\/\/stbnoticias.com\/index.php\/wp-json\/wp\/v2\/types\/post"}],"author":[{"embeddable":true,"href":"https:\/\/stbnoticias.com\/index.php\/wp-json\/wp\/v2\/users\/1"}],"replies":[{"embeddable":true,"href":"https:\/\/stbnoticias.com\/index.php\/wp-json\/wp\/v2\/comments?post=10870"}],"version-history":[{"count":1,"href":"https:\/\/stbnoticias.com\/index.php\/wp-json\/wp\/v2\/posts\/10870\/revisions"}],"predecessor-version":[{"id":10873,"href":"https:\/\/stbnoticias.com\/index.php\/wp-json\/wp\/v2\/posts\/10870\/revisions\/10873"}],"wp:featuredmedia":[{"embeddable":true,"href":"https:\/\/stbnoticias.com\/index.php\/wp-json\/wp\/v2\/media\/10872"}],"wp:attachment":[{"href":"https:\/\/stbnoticias.com\/index.php\/wp-json\/wp\/v2\/media?parent=10870"}],"wp:term":[{"taxonomy":"category","embeddable":true,"href":"https:\/\/stbnoticias.com\/index.php\/wp-json\/wp\/v2\/categories?post=10870"},{"taxonomy":"post_tag","embeddable":true,"href":"https:\/\/stbnoticias.com\/index.php\/wp-json\/wp\/v2\/tags?post=10870"}],"curies":[{"name":"wp","href":"https:\/\/api.w.org\/{rel}","templated":true}]}}