{"id":10874,"date":"2025-07-14T09:54:52","date_gmt":"2025-07-14T13:54:52","guid":{"rendered":"https:\/\/stbnoticias.com\/?p=10874"},"modified":"2025-07-14T10:08:12","modified_gmt":"2025-07-14T14:08:12","slug":"dirigentes-van-a-pedir-que-evo-abandone-el-tropico-por-el-perjuicio-que-esta-generando","status":"publish","type":"post","link":"https:\/\/stbnoticias.com\/index.php\/2025\/07\/14\/dirigentes-van-a-pedir-que-evo-abandone-el-tropico-por-el-perjuicio-que-esta-generando\/","title":{"rendered":"\u00abDirigentes van a pedir que Evo abandone el Tr\u00f3pico por el perjuicio que est\u00e1 generando\u00bb"},"content":{"rendered":"\n<p><strong>El ministro de Gobierno, Roberto R\u00edos, afirm\u00f3 este lunes que Evo Morales cuenta con tres anillos de seguridad en el Tr\u00f3pico de Cochabamba, uno de ellos compuesto por personas extranjeras.<\/strong><\/p>\n\n\n\n<figure class=\"wp-block-image alignwide size-full\"><img loading=\"lazy\" decoding=\"async\" width=\"767\" height=\"487\" src=\"https:\/\/stbnoticias.com\/wp-content\/uploads\/2025\/07\/image-7.png\" alt=\"\" class=\"wp-image-10875\" srcset=\"https:\/\/stbnoticias.com\/wp-content\/uploads\/2025\/07\/image-7.png 767w, https:\/\/stbnoticias.com\/wp-content\/uploads\/2025\/07\/image-7-300x190.png 300w\" sizes=\"auto, (max-width: 767px) 100vw, 767px\" \/><\/figure>\n\n\n\n<p>\u201cTenemos dirigentes y compa\u00f1eros patriotas que nos informan de los tres anillos de seguridad que tiene Evo Morales: un primer anillo que se encuentra resguardado por personas extranjeras, un segundo anillo por personas que supuestamente estar\u00edan dispuestos a entregar la vida por Evo Morales y un tercer anillo por personas con escudos, lanzas que han construido de manera artesanal y que est\u00e1n amenazadas con quitarles sus tierras, chacos, soportando inclemencias del clima\u201d, declar\u00f3.<\/p>\n\n\n\n<p>R\u00edos tambi\u00e9n anticip\u00f3 que sectores de la regi\u00f3n estar\u00edan por solicitar la salida del exmandatario. \u201cTenemos informaci\u00f3n de que algunos dirigentes van a pedir que el se\u00f1or Evo Morales abandone el Tr\u00f3pico de Cochabamba por todo el perjuicio econ\u00f3mico que est\u00e1 generando y adem\u00e1s la afectaci\u00f3n a las familias que est\u00e1 generando con estas actitudes y posturas radicales\u201d, se\u00f1al\u00f3.<\/p>\n","protected":false},"excerpt":{"rendered":"<p>El ministro de Gobierno, Roberto R\u00edos, afirm\u00f3 este lunes que Evo Morales cuenta con tres anillos de seguridad en el Tr\u00f3pico de Cochabamba, uno de ellos compuesto por personas extranjeras. \u201cTenemos dirigentes y compa\u00f1eros patriotas que nos informan de los tres anillos de seguridad que tiene Evo Morales: un primer anillo que se encuentra resguardado [&hellip;]<\/p>\n","protected":false},"author":1,"featured_media":10875,"comment_status":"closed","ping_status":"closed","sticky":false,"template":"","format":"standard","meta":{"fifu_image_url":"","fifu_image_alt":"","footnotes":""},"categories":[22,30,1],"tags":[],"class_list":["post-10874","post","type-post","status-publish","format-standard","has-post-thumbnail","hentry","category-bolivia","category-politica","category-sin-categoria"],"_links":{"self":[{"href":"https:\/\/stbnoticias.com\/index.php\/wp-json\/wp\/v2\/posts\/10874","targetHints":{"allow":["GET"]}}],"collection":[{"href":"https:\/\/stbnoticias.com\/index.php\/wp-json\/wp\/v2\/posts"}],"about":[{"href":"https:\/\/stbnoticias.com\/index.php\/wp-json\/wp\/v2\/types\/post"}],"author":[{"embeddable":true,"href":"https:\/\/stbnoticias.com\/index.php\/wp-json\/wp\/v2\/users\/1"}],"replies":[{"embeddable":true,"href":"https:\/\/stbnoticias.com\/index.php\/wp-json\/wp\/v2\/comments?post=10874"}],"version-history":[{"count":2,"href":"https:\/\/stbnoticias.com\/index.php\/wp-json\/wp\/v2\/posts\/10874\/revisions"}],"predecessor-version":[{"id":10877,"href":"https:\/\/stbnoticias.com\/index.php\/wp-json\/wp\/v2\/posts\/10874\/revisions\/10877"}],"wp:featuredmedia":[{"embeddable":true,"href":"https:\/\/stbnoticias.com\/index.php\/wp-json\/wp\/v2\/media\/10875"}],"wp:attachment":[{"href":"https:\/\/stbnoticias.com\/index.php\/wp-json\/wp\/v2\/media?parent=10874"}],"wp:term":[{"taxonomy":"category","embeddable":true,"href":"https:\/\/stbnoticias.com\/index.php\/wp-json\/wp\/v2\/categories?post=10874"},{"taxonomy":"post_tag","embeddable":true,"href":"https:\/\/stbnoticias.com\/index.php\/wp-json\/wp\/v2\/tags?post=10874"}],"curies":[{"name":"wp","href":"https:\/\/api.w.org\/{rel}","templated":true}]}}