{"id":10878,"date":"2025-07-14T10:11:38","date_gmt":"2025-07-14T14:11:38","guid":{"rendered":"https:\/\/stbnoticias.com\/?p=10878"},"modified":"2025-07-14T10:11:39","modified_gmt":"2025-07-14T14:11:39","slug":"la-oposicion-lidera-encuestas-samuel-y-tuto-entre-los-favoritos","status":"publish","type":"post","link":"https:\/\/stbnoticias.com\/index.php\/2025\/07\/14\/la-oposicion-lidera-encuestas-samuel-y-tuto-entre-los-favoritos\/","title":{"rendered":"LA OPOSICI\u00d3N LIDERA ENCUESTAS, SAMUEL Y TUTO ENTRE LOS FAVORITOS"},"content":{"rendered":"\n<p>Una nueva encuesta de Ipsos Ciesmori, para Unitel, muestra que Samuel Doria Medina lleva la <a><\/a>delantera de intenci\u00f3n de voto con el 18.7% y se diferencia de Jorge Tuto Quiroga por un m\u00ednimo, ya que este alcanz\u00f3 el 18.1%.<\/p>\n\n\n\n<figure class=\"wp-block-image size-full\"><img loading=\"lazy\" decoding=\"async\" width=\"935\" height=\"540\" src=\"https:\/\/stbnoticias.com\/wp-content\/uploads\/2025\/07\/image-8.png\" alt=\"\" class=\"wp-image-10879\" srcset=\"https:\/\/stbnoticias.com\/wp-content\/uploads\/2025\/07\/image-8.png 935w, https:\/\/stbnoticias.com\/wp-content\/uploads\/2025\/07\/image-8-300x173.png 300w, https:\/\/stbnoticias.com\/wp-content\/uploads\/2025\/07\/image-8-768x444.png 768w\" sizes=\"auto, (max-width: 935px) 100vw, 935px\" \/><\/figure>\n\n\n\n<p>En tercer lugar, se encuentra Andr\u00f3nico Rodr\u00edguez, con el 11.8%, le sigue Manfred Reyes Villa con el 8.2%.<\/p>\n\n\n\n<p>En quinto lugar, se encuentra Rodrigo Paz con el 3.2%, le sigue Jhonny Fern\u00e1ndez, con el 2.5%. El candidato de Nueva Generaci\u00f3n Patri\u00f3tica (NGP), que ya no participa de las elecciones, tiene 2.4%.<\/p>\n\n\n\n<p>Los tres \u00faltimos lugares son para Eduardo del Castillo, con el 2.3%, Eva Copa con 0.6% y Pavel Aracena con 0.2%.<\/p>\n\n\n\n<p>La encuesta nacional fue aplicada a 2.500 personas, en \u00e1reas urbano rural y fue levantada del 5 al 7 de julio. Tiene un nivel de confianza del 95% y un margen de error del 2.2%.<\/p>\n","protected":false},"excerpt":{"rendered":"<p>Una nueva encuesta de Ipsos Ciesmori, para Unitel, muestra que Samuel Doria Medina lleva la delantera de intenci\u00f3n de voto con el 18.7% y se diferencia de Jorge Tuto Quiroga por un m\u00ednimo, ya que este alcanz\u00f3 el 18.1%. En tercer lugar, se encuentra Andr\u00f3nico Rodr\u00edguez, con el 11.8%, le sigue Manfred Reyes Villa con [&hellip;]<\/p>\n","protected":false},"author":1,"featured_media":10879,"comment_status":"closed","ping_status":"closed","sticky":false,"template":"","format":"standard","meta":{"fifu_image_url":"","fifu_image_alt":"","footnotes":""},"categories":[45],"tags":[],"class_list":["post-10878","post","type-post","status-publish","format-standard","has-post-thumbnail","hentry","category-sociedad"],"_links":{"self":[{"href":"https:\/\/stbnoticias.com\/index.php\/wp-json\/wp\/v2\/posts\/10878","targetHints":{"allow":["GET"]}}],"collection":[{"href":"https:\/\/stbnoticias.com\/index.php\/wp-json\/wp\/v2\/posts"}],"about":[{"href":"https:\/\/stbnoticias.com\/index.php\/wp-json\/wp\/v2\/types\/post"}],"author":[{"embeddable":true,"href":"https:\/\/stbnoticias.com\/index.php\/wp-json\/wp\/v2\/users\/1"}],"replies":[{"embeddable":true,"href":"https:\/\/stbnoticias.com\/index.php\/wp-json\/wp\/v2\/comments?post=10878"}],"version-history":[{"count":1,"href":"https:\/\/stbnoticias.com\/index.php\/wp-json\/wp\/v2\/posts\/10878\/revisions"}],"predecessor-version":[{"id":10880,"href":"https:\/\/stbnoticias.com\/index.php\/wp-json\/wp\/v2\/posts\/10878\/revisions\/10880"}],"wp:featuredmedia":[{"embeddable":true,"href":"https:\/\/stbnoticias.com\/index.php\/wp-json\/wp\/v2\/media\/10879"}],"wp:attachment":[{"href":"https:\/\/stbnoticias.com\/index.php\/wp-json\/wp\/v2\/media?parent=10878"}],"wp:term":[{"taxonomy":"category","embeddable":true,"href":"https:\/\/stbnoticias.com\/index.php\/wp-json\/wp\/v2\/categories?post=10878"},{"taxonomy":"post_tag","embeddable":true,"href":"https:\/\/stbnoticias.com\/index.php\/wp-json\/wp\/v2\/tags?post=10878"}],"curies":[{"name":"wp","href":"https:\/\/api.w.org\/{rel}","templated":true}]}}